
{"id":967,"date":"2009-06-07T18:11:33","date_gmt":"2009-06-07T17:11:33","guid":{"rendered":"http:\/\/elsa-fachinetti.fr\/blog\/?p=967"},"modified":"2009-06-07T18:11:33","modified_gmt":"2009-06-07T17:11:33","slug":"tellement-proches-une-comedie-qui-promet","status":"publish","type":"post","link":"http:\/\/elsa-fachinetti.fr\/blog\/tellement-proches-une-comedie-qui-promet\/","title":{"rendered":"\u201cTellement proches\u201d, une com\u00e9die qui promet !"},"content":{"rendered":"<p>C&rsquo;est le <strong>17 juin prochain que sortira \u00ab\u00a0Tellement proches\u00a0\u00bb<\/strong>, la nouvelle com\u00e9die d&rsquo;Eric Toledano et Olivier Nakache, <strong>r\u00e9alisateurs du grandiose \u00ab\u00a0Nos jours heureux\u00a0\u00bb<\/strong>. J&rsquo;en entends d\u00e9j\u00e0 certains : \u00ab\u00a0Ah non, quelle horreur, une com\u00e9die fran\u00e7aise !\u00a0\u00bb. Un conseil : oubliez tout de suite vos pr\u00e9jug\u00e9s, car si \u00ab\u00a0Tellement proches\u00a0\u00bb est \u00e0 la hauteur de \u00ab\u00a0Nos jours heureux\u00a0\u00bb, attendez-vous \u00e0 1h40 de fous rires non-stop ! <\/p>\n<p>Pour ceux qui ne connaissent pas \u00ab\u00a0Nos jours heureux\u00a0\u00bb, je fais un petit topo. Le film raconte l&rsquo;histoire de Vincent Rousseau (Jean-Paul Rouve), un <strong>animateur responsable d&rsquo;une colonie de vacances, charg\u00e9 non seulement de veiller sur un groupe de jeunes ados en pleine effervescence, mais aussi sur ses chers coll\u00e8gues !<\/strong> Personnellement, j&rsquo;ai vraiment ador\u00e9 ce film, et le personnage de Caroline (Jos\u00e9phine de Meaux), animatrice particuli\u00e8rement introvertie qui finit par p\u00e9ter totalement les plombs, est irr\u00e9sistible !<\/p>\n<p>Quant \u00e0 l&rsquo;histoire de \u00ab\u00a0Tellement proches\u00a0\u00bb, cela semble plus compliqu\u00e9, surtout apr\u00e8s avoir vu le <em>trailer<\/em>. Apparemment, cette com\u00e9die aura pour th\u00e8me <strong>les al\u00e9as de la vie de famille<\/strong>. Un sujet int\u00e9ressant mais \u00f4 combien vaste&#8230;<\/p>\n<p>Pour la peine, voici la bande-annonce de \u00ab\u00a0Tellement Proches\u00a0\u00bb et, juste en-dessous, celle de \u00ab\u00a0Nos jours heureux\u00a0\u00bb.<\/p>\n<p style=\"text-align:center\"><object width=\"425\" height=\"344\"><param name=\"movie\" value=\"http:\/\/www.youtube.com\/v\/phzVymq8MhY&#038;hl=fr&#038;fs=1&#038;\"><\/param><param name=\"allowFullScreen\" value=\"true\"><\/param><param name=\"allowscriptaccess\" value=\"always\"><\/param><embed src=\"http:\/\/www.youtube.com\/v\/phzVymq8MhY&#038;hl=fr&#038;fs=1&#038;\" type=\"application\/x-shockwave-flash\" allowscriptaccess=\"always\" allowfullscreen=\"true\" width=\"425\" height=\"344\"><\/embed><\/object><\/p>\n<p style=\"text-align:center\"><object width=\"425\" height=\"344\"><param name=\"movie\" value=\"http:\/\/www.youtube.com\/v\/RsZSZPHJCXc&#038;hl=fr&#038;fs=1&#038;\"><\/param><param name=\"allowFullScreen\" value=\"true\"><\/param><param name=\"allowscriptaccess\" value=\"always\"><\/param><embed src=\"http:\/\/www.youtube.com\/v\/RsZSZPHJCXc&#038;hl=fr&#038;fs=1&#038;\" type=\"application\/x-shockwave-flash\" allowscriptaccess=\"always\" allowfullscreen=\"true\" width=\"425\" height=\"344\"><\/embed><\/object><\/p>\n","protected":false},"excerpt":{"rendered":"C&rsquo;est le 17 juin prochain que sortira \u00ab\u00a0Tellement proches\u00a0\u00bb, la nouvelle com\u00e9die d&rsquo;Eric Toledano et Olivier Nakache, r\u00e9alisateurs du grandiose \u00ab\u00a0Nos jours heureux\u00a0\u00bb. \n<a class=\"moretag\" href=\"http:\/\/elsa-fachinetti.fr\/blog\/tellement-proches-une-comedie-qui-promet\/\"> [...]<\/a>","protected":false},"author":1,"featured_media":0,"comment_status":"open","ping_status":"open","sticky":false,"template":"","format":"standard","meta":{"footnotes":"","_links_to":"","_links_to_target":""},"categories":[245],"tags":[37,54,260],"aioseo_notices":[],"_links":{"self":[{"href":"http:\/\/elsa-fachinetti.fr\/blog\/wp-json\/wp\/v2\/posts\/967"}],"collection":[{"href":"http:\/\/elsa-fachinetti.fr\/blog\/wp-json\/wp\/v2\/posts"}],"about":[{"href":"http:\/\/elsa-fachinetti.fr\/blog\/wp-json\/wp\/v2\/types\/post"}],"author":[{"embeddable":true,"href":"http:\/\/elsa-fachinetti.fr\/blog\/wp-json\/wp\/v2\/users\/1"}],"replies":[{"embeddable":true,"href":"http:\/\/elsa-fachinetti.fr\/blog\/wp-json\/wp\/v2\/comments?post=967"}],"version-history":[{"count":0,"href":"http:\/\/elsa-fachinetti.fr\/blog\/wp-json\/wp\/v2\/posts\/967\/revisions"}],"wp:attachment":[{"href":"http:\/\/elsa-fachinetti.fr\/blog\/wp-json\/wp\/v2\/media?parent=967"}],"wp:term":[{"taxonomy":"category","embeddable":true,"href":"http:\/\/elsa-fachinetti.fr\/blog\/wp-json\/wp\/v2\/categories?post=967"},{"taxonomy":"post_tag","embeddable":true,"href":"http:\/\/elsa-fachinetti.fr\/blog\/wp-json\/wp\/v2\/tags?post=967"}],"curies":[{"name":"wp","href":"https:\/\/api.w.org\/{rel}","templated":true}]}}