
{"id":813,"date":"2009-05-29T16:18:23","date_gmt":"2009-05-29T15:18:23","guid":{"rendered":"http:\/\/elsa-fachinetti.fr\/blog\/?p=813"},"modified":"2009-05-29T16:18:23","modified_gmt":"2009-05-29T15:18:23","slug":"vivre-dans-un-container-ca-vous-tente","status":"publish","type":"post","link":"http:\/\/elsa-fachinetti.fr\/blog\/vivre-dans-un-container-ca-vous-tente\/","title":{"rendered":"Vivre dans un container, \u00e7a vous tente ?"},"content":{"rendered":"<p><img decoding=\"async\" loading=\"lazy\" class=\"alignright size-medium wp-image-814\" style=\"margin-left: 5px; margin-right: 5px;\" title=\"container-home\" src=\"http:\/\/elsa-fachinetti.fr\/blog\/wp-content\/uploads\/2009\/05\/container-home-224x300.jpg\" alt=\"container-home\" width=\"202\" height=\"270\" srcset=\"http:\/\/elsa-fachinetti.fr\/blog\/wp-content\/uploads\/2009\/05\/container-home-224x300.jpg 224w, http:\/\/elsa-fachinetti.fr\/blog\/wp-content\/uploads\/2009\/05\/container-home.jpg 353w\" sizes=\"(max-width: 202px) 100vw, 202px\" \/>Il y avait de l&rsquo;id\u00e9e, la Hollande a os\u00e9 ! <strong>Pour pallier au manque de logements \u00e9tudiants, le pays a inaugur\u00e9 il<\/strong><strong> y a maintenant plus de deux ans les logements-containers. <\/strong><br \/>\nPr\u00e9vus au-d\u00e9part pour le transport des marchandises par bateau, ils sont r\u00e9cup\u00e9r\u00e9s en fin de vie et empil\u00e9s les uns sur les autres pour \u00eatre transform\u00e9s en appartements de <strong>30 m\u00b2. Le loyer ne d\u00e9passe pas 250\u20ac par mois, Internet et charges compris<\/strong>. Des prix imbattables, \u00e0 l&rsquo;heure o\u00f9 la crise du logement fait rage ! Aujourd&rsquo;hui, environ 2500 \u00e9tudiants hollandais vivent dans ces habitations pas comme les autres. Le succ\u00e8s est tel qu&rsquo;on estime \u00e0 4 ans le temps d&rsquo;attente avant de pouvoir louer son propre container !<\/p>\n<p>La France n&rsquo;est pas en reste, bien au contraire. S\u00e9duite par l&rsquo;id\u00e9e, elle a cr\u00e9\u00e9 son <strong>premier \u00ab\u00a0campus-container\u00a0\u00bb au Havre.<\/strong> Les premiers \u00e9tudiants emm\u00e9nageront d\u00e8s la <strong>rentr\u00e9e 2010<\/strong> dans les 100 containers de 27m\u00b2 disponibles \u00e0 la location. Le loyer s&rsquo;\u00e9l\u00e8vera, comme \u00e0 Amsterdam, \u00e0 250\u20ac, Internet, eau et \u00e9l\u00e9ctricit\u00e9 compris. Bien s\u00fbr, les \u00e9tudiants pourront \u00e9galement b\u00e9n\u00e9ficier des APL, comme pour tout logement dit \u00ab\u00a0normal\u00a0\u00bb.<\/p>\n<p>Si le concept peut choquer, il suffit de regarder les am\u00e9nagements pour comprendre qu&rsquo;il ne reste de container que les \u00ab\u00a0murs\u00a0\u00bb. A l&rsquo;int\u00e9rieur, la salle d&rsquo;eau plac\u00e9e au centre s\u00e9pare la chambre de la cuisine, de fa\u00e7on \u00e0 \u00ab\u00a0casser\u00a0\u00bb cette surface tout en longueur. En effet, l&rsquo;appartement mesure<strong> 12m de long pour&#8230; 2,40m de large<\/strong>.<\/p>\n<p>L&rsquo;id\u00e9e commence \u00e9galement \u00e0 int\u00e9resser les promoteurs immobiliers, attir\u00e9s par l&rsquo;\u00e9conomie r\u00e9alis\u00e9e : <strong>un container co\u00fbte 30 000\u20ac, soit deux fois moins qu&rsquo;un appartement en dur. <\/strong>Certains commencent m\u00eame \u00e0 imaginer des h\u00f4tels construits uniquement gr\u00e2ce \u00e0 ces bo\u00eetes m\u00e9talliques !<\/p>\n<p>Je vous invite \u00e0 regarder le reportage diffus\u00e9 sur m6 \u00e0 ce sujet, dans l&rsquo;\u00e9mission \u00ab\u00a0100% Mag\u00a0\u00bb, il y a un an&#8230;<\/p>\n<div>\n<p style=\"text-align:center\"><object width=\"480\" height=\"405\" data=\"http:\/\/www.dailymotion.com\/swf\/x4y9bm_je-vis-dans-un-container_news&amp;related=0\" type=\"application\/x-shockwave-flash\"><param name=\"allowFullScreen\" value=\"true\" \/><param name=\"allowScriptAccess\" value=\"always\" \/><param name=\"src\" value=\"http:\/\/www.dailymotion.com\/swf\/x4y9bm_je-vis-dans-un-container_news&amp;related=0\" \/><param name=\"allowfullscreen\" value=\"true\" \/><\/object><\/div>\n","protected":false},"excerpt":{"rendered":"Il y avait de l&rsquo;id\u00e9e, la Hollande a os\u00e9 ! Pour pallier au manque de logements \u00e9tudiants, le pays a inaugur\u00e9 il y \n<a class=\"moretag\" href=\"http:\/\/elsa-fachinetti.fr\/blog\/vivre-dans-un-container-ca-vous-tente\/\"> [...]<\/a>","protected":false},"author":1,"featured_media":0,"comment_status":"open","ping_status":"open","sticky":false,"template":"","format":"standard","meta":{"footnotes":"","_links_to":"","_links_to_target":""},"categories":[5],"tags":[222,221,178],"aioseo_notices":[],"_links":{"self":[{"href":"http:\/\/elsa-fachinetti.fr\/blog\/wp-json\/wp\/v2\/posts\/813"}],"collection":[{"href":"http:\/\/elsa-fachinetti.fr\/blog\/wp-json\/wp\/v2\/posts"}],"about":[{"href":"http:\/\/elsa-fachinetti.fr\/blog\/wp-json\/wp\/v2\/types\/post"}],"author":[{"embeddable":true,"href":"http:\/\/elsa-fachinetti.fr\/blog\/wp-json\/wp\/v2\/users\/1"}],"replies":[{"embeddable":true,"href":"http:\/\/elsa-fachinetti.fr\/blog\/wp-json\/wp\/v2\/comments?post=813"}],"version-history":[{"count":0,"href":"http:\/\/elsa-fachinetti.fr\/blog\/wp-json\/wp\/v2\/posts\/813\/revisions"}],"wp:attachment":[{"href":"http:\/\/elsa-fachinetti.fr\/blog\/wp-json\/wp\/v2\/media?parent=813"}],"wp:term":[{"taxonomy":"category","embeddable":true,"href":"http:\/\/elsa-fachinetti.fr\/blog\/wp-json\/wp\/v2\/categories?post=813"},{"taxonomy":"post_tag","embeddable":true,"href":"http:\/\/elsa-fachinetti.fr\/blog\/wp-json\/wp\/v2\/tags?post=813"}],"curies":[{"name":"wp","href":"https:\/\/api.w.org\/{rel}","templated":true}]}}