
{"id":535,"date":"2009-05-08T12:04:03","date_gmt":"2009-05-08T11:04:03","guid":{"rendered":"http:\/\/elsa-fachinetti.fr\/blog\/?p=535"},"modified":"2009-05-08T12:04:03","modified_gmt":"2009-05-08T11:04:03","slug":"les-minikeums-grand-moment-de-nostalgie","status":"publish","type":"post","link":"http:\/\/elsa-fachinetti.fr\/blog\/les-minikeums-grand-moment-de-nostalgie\/","title":{"rendered":"Les Minikeums&#8230; Grand moment de nostalgie !"},"content":{"rendered":"<p><img decoding=\"async\" loading=\"lazy\" class=\"alignleft size-full wp-image-536\" style=\"margin-left: 5px; margin-right: 5px;\" title=\"minikeums\" src=\"http:\/\/elsa-fachinetti.fr\/blog\/wp-content\/uploads\/minikeums.jpg\" alt=\"minikeums\" width=\"242\" height=\"227\" \/>Ce matin, en zappant sur France3, j&rsquo;ai eu la grande surprise de tomber sur un <strong>court-m\u00e9trage mettant en sc\u00e8ne&#8230; les Minikeums<\/strong>&nbsp;! En une seconde, j&rsquo;ai fait un <strong>bond en arri\u00e8re de plus de 10 ans !<\/strong><\/p>\n<p>Pour ceux qui seraient pass\u00e9s \u00e0 c\u00f4t\u00e9 de ce ph\u00e9nom\u00e8ne, Les Minikeums \u00e9taient un <strong>ensemble de marionnettes caricaturant les plus grandes c\u00e9l\u00e9brit\u00e9s fran\u00e7aises des ann\u00e9es 90<\/strong>. On retrouve ainsi Jojo (Johnny\u00a0 Halliday), Zaza (la chanteuse Elsa), Vaness&rsquo; (Vanessa Paradis), Coco (Antoine de Caunes), Nag (Nagui), M&rsquo;s\u00e9 (MC Solaar) et bien d&rsquo;autres. <a href=\"http:\/\/fr.wikipedia.org\/wiki\/Minikeums#Les_marionnettes\">(Cliquez ici pour lire une description de chaque personnage).<\/a><\/p>\n<p>L&rsquo;\u00e9mission a \u00e9t\u00e9 lanc\u00e9e <strong>le 31 mars 1993 et s&rsquo;est achev\u00e9e le 1er avril 2002<\/strong>, ce qui constitue tout de m\u00eame une longue vie pour une s\u00e9rie t\u00e9l\u00e9vis\u00e9e. Par la suite, la cha\u00eene a tent\u00e9 de relancer bon nombre d&rsquo;\u00e9missions jeunesse, mais aucune n&rsquo;a eu le succ\u00e8s des \u00ab\u00a0Minikeums\u00a0\u00bb.<br \/>\nLe 23 d\u00e9cembre 2003, France 3 a enfin r\u00e9pondu aux supplications des nostalgiques et a lanc\u00e9 la <strong>\u00ab\u00a0G\u00e9n\u00e9ration Minikeums\u00a0\u00bb<\/strong>. Il s&rsquo;agit d&rsquo;une \u00e9mission diffus\u00e9e de fa\u00e7on sporadique lors des jours f\u00e9ri\u00e9s, \u00e0 P\u00e2ques, No\u00ebl, etc. Les fans la retrouveront ensuite le 9 avril, le 15 ao\u00fbt et le 24 d\u00e9cembre 2007, puis le 24 mars, le 13 juillet et le 14 juillet 2008. La derni\u00e8re \u00e9mission en date est celle diffus\u00e9e aujourd&rsquo;hui, avec une sayn\u00e8te mettant en sc\u00e8ne Coco en professeur fou sortant la nuit pour semer la terreur dans la ville.<\/p>\n<p>J&rsquo;adorais cette \u00e9mission \u00e9tant plus jeune, et j&rsquo;ai toujours regrett\u00e9 les \u00e9missions jeunesse qui ont suivies, pleines de gags lourds et de dessins anim\u00e9s en images de synth\u00e8se. <strong>\u00ab\u00a0Les Minikeums\u00a0\u00bb avait l&rsquo;avantage de ne pas prendre les enfants pour des idiots<\/strong>, contrairement aux programmes actuels&#8230; (\u00ab\u00a0Bob L&rsquo;\u00e9ponge\u00a0\u00bb et Cie). J&rsquo;esp\u00e8re vraiment qu&rsquo;ils reviendront un jour, parce que j&rsquo;\u00e9tais vraiment fan \u00e0 l&rsquo;\u00e9poque&nbsp;! A vrai dire, je poss\u00e9dais m\u00eame leur album&#8230; (H\u00e9ho, on ne se moque pas&nbsp;!)<\/p>\n<p>Pour leur rendre hommage, quoi de mieux que <strong>le clip de \u00ab\u00a0M\u00e9lissa\u00a0\u00bb, par les BoGoss Five<\/strong>&nbsp;? C&rsquo;est la chanson qui est pass\u00e9e en g\u00e9n\u00e9rique de fin ce matin et \u00e7a m&rsquo;a vraiment rappel\u00e9 de bons souvenirs&nbsp;! Bon, la qualit\u00e9 n&rsquo;est pas tr\u00e8s bonne, mais je n&rsquo;ai pas trouv\u00e9 mieux malheureusement.<\/p>\n<p>\u00c9coutez attentivement les paroles, elles sont d&rsquo;une remarquable profondeur&#8230;<\/p>\n<p style=\"text-align:center\"><object width=\"425\" height=\"344\" data=\"http:\/\/www.youtube.com\/v\/w86ADyhJ9Fw&amp;hl=fr&amp;fs=1\" type=\"application\/x-shockwave-flash\"><param name=\"allowFullScreen\" value=\"true\" \/><param name=\"allowscriptaccess\" value=\"always\" \/><param name=\"src\" value=\"http:\/\/www.youtube.com\/v\/w86ADyhJ9Fw&amp;hl=fr&amp;fs=1\" \/><param name=\"allowfullscreen\" value=\"true\" \/><\/object><\/p>\n","protected":false},"excerpt":{"rendered":"Ce matin, en zappant sur France3, j&rsquo;ai eu la grande surprise de tomber sur un court-m\u00e9trage mettant en sc\u00e8ne&#8230; les Minikeums&nbsp;! En une \n<a class=\"moretag\" href=\"http:\/\/elsa-fachinetti.fr\/blog\/les-minikeums-grand-moment-de-nostalgie\/\"> [...]<\/a>","protected":false},"author":1,"featured_media":0,"comment_status":"open","ping_status":"open","sticky":false,"template":"","format":"standard","meta":{"footnotes":"","_links_to":"","_links_to_target":""},"categories":[11],"tags":[81,85,180],"aioseo_notices":[],"_links":{"self":[{"href":"http:\/\/elsa-fachinetti.fr\/blog\/wp-json\/wp\/v2\/posts\/535"}],"collection":[{"href":"http:\/\/elsa-fachinetti.fr\/blog\/wp-json\/wp\/v2\/posts"}],"about":[{"href":"http:\/\/elsa-fachinetti.fr\/blog\/wp-json\/wp\/v2\/types\/post"}],"author":[{"embeddable":true,"href":"http:\/\/elsa-fachinetti.fr\/blog\/wp-json\/wp\/v2\/users\/1"}],"replies":[{"embeddable":true,"href":"http:\/\/elsa-fachinetti.fr\/blog\/wp-json\/wp\/v2\/comments?post=535"}],"version-history":[{"count":0,"href":"http:\/\/elsa-fachinetti.fr\/blog\/wp-json\/wp\/v2\/posts\/535\/revisions"}],"wp:attachment":[{"href":"http:\/\/elsa-fachinetti.fr\/blog\/wp-json\/wp\/v2\/media?parent=535"}],"wp:term":[{"taxonomy":"category","embeddable":true,"href":"http:\/\/elsa-fachinetti.fr\/blog\/wp-json\/wp\/v2\/categories?post=535"},{"taxonomy":"post_tag","embeddable":true,"href":"http:\/\/elsa-fachinetti.fr\/blog\/wp-json\/wp\/v2\/tags?post=535"}],"curies":[{"name":"wp","href":"https:\/\/api.w.org\/{rel}","templated":true}]}}