
{"id":3067,"date":"2015-08-19T11:30:04","date_gmt":"2015-08-19T09:30:04","guid":{"rendered":"http:\/\/elsa-fachinetti.fr\/blog\/?p=3067"},"modified":"2015-08-19T12:48:03","modified_gmt":"2015-08-19T10:48:03","slug":"vice-versa-la-crise-dado-vue-par-pixar","status":"publish","type":"post","link":"http:\/\/elsa-fachinetti.fr\/blog\/vice-versa-la-crise-dado-vue-par-pixar\/","title":{"rendered":"Vice versa : la crise d&rsquo;ado vue par Pixar"},"content":{"rendered":"<p>Je me consid\u00e8re comme une fan de Pixar et les films de ce studio m&rsquo;ont rarement d\u00e9\u00e7ue. N\u00e9anmoins, ils me semblent tous un peu moins bien depuis que j&rsquo;ai vu<strong> Vice Versa<\/strong>.<\/p>\n<p>Eh oui ! Je ne vais pas \u00eatre tr\u00e8s originale en \u00e9crivant cette \u00e9ni\u00e8me critique dithyrambique sur le dernier <strong>Pixar<\/strong>. Je suis all\u00e9e voir le film peu de temps apr\u00e8s sa sortie en juin, et je dois dire que c&rsquo;est sans aucun doute celui qui m&rsquo;a procur\u00e9 le plus d&rsquo;\u00e9motions jusqu&rsquo;\u00e0 pr\u00e9sent.<\/p>\n<p>Pour revenir bri\u00e8vement sur le pitch, Vice Versa nous met dans la t\u00eate de Riley, 11 ans, o\u00f9 nous rencontrons les 5 \u00e9motions qui dirigent sa vie de pr\u00e9-adolescente : <strong>Joie, Col\u00e8re, D\u00e9go\u00fbt, Peur et Tristesse<\/strong>. La jeune fille m\u00e8ne une vie heureuse gr\u00e2ce \u00e0 la dynamique Joie, qui s&rsquo;affaire \u00e0 \u00e9carter toute \u00e9motion n\u00e9gative de son chemin. Cette vie paisible va pourtant basculer du jour au lendemain, lorsque le p\u00e8re de Riley est mut\u00e9 \u00e0 San Francisco. La jeune fille doit quitter son Midwest natal et elle le vit plut\u00f4t mal. Dans sa t\u00eate, les diff\u00e9rentes \u00e9motions s&rsquo;affrontent et on assiste progressivement \u00e0 la mont\u00e9e en puissance de Tristesse, jusque l\u00e0 tr\u00e8s discr\u00e8te. C&rsquo;est d&rsquo;ailleurs lors d&rsquo;une dispute avec Joie que les choses d\u00e9g\u00e9n\u00e8rent. En se disputant un souvenir, elles sont expuls\u00e9es du Quartier C\u00e9r\u00e9bral. Riley se retrouve donc gouvern\u00e9e par\u00a0Col\u00e8re, D\u00e9go\u00fbt et Peur. Bienvenue dans l&rsquo;<strong>adolescence<\/strong>.<\/p>\n<h2>Une double lecture<\/h2>\n<p>Il est difficile de ne pas \u00eatre touch\u00e9 par l&rsquo;histoire de Riley, tiraill\u00e9e entre sa vie d&rsquo;enfant pleine d&rsquo;innocence et les complications de sa nouvelle vie d&rsquo;adolescente.\u00a0Si les jeunes enfants verront dans ce film une histoire rigolote men\u00e9e par de sympathiques personnages encha\u00eenant les gags, les adultes en auront une <strong>vision bien diff\u00e9rente<\/strong>. En effet, il nous projette dans nos souvenirs d&rsquo;enfant et nous pousse \u00e0 nous rem\u00e9morer ces bons moments avec nostalgie. Avec force <strong>symboles et m\u00e9taphores<\/strong>, Vice Versa nous met face \u00e0 notre propre pass\u00e9 et nous fait prendre conscience de ce que l&rsquo;on a perdu en grandissant. Et il fait mouche.\u00a0Aucune personne de mon entourage (moi y compris) n&rsquo;a pu s&#8217;emp\u00eacher de verser une larme devant ce film.<\/p>\n<p>On revit notre entr\u00e9e dans l&rsquo;adolescence en m\u00eame temps que la jeune Riley ce qui, \u00e9videmment, ne nous laisse pas indiff\u00e9rent. N\u00e9anmoins, Vice Versa n&rsquo;est pas un film triste. Il nous fait passer par une <strong>myriade d&rsquo;\u00e9motions<\/strong>, allant du rire aux larmes. On r\u00e9alise que, m\u00eame si les moments heureux de notre enfance sont loin, ils sont toujours en nous et ont fait de nous ce que nous sommes aujourd&rsquo;hui. S&rsquo;il y a bien un message qu&rsquo;il faut retenir de Vice Versa, c&rsquo;est celui-l\u00e0.<\/p>\n<p><iframe loading=\"lazy\" src=\"https:\/\/www.youtube.com\/embed\/SYLrpcNTVwE\" width=\"560\" height=\"315\" frameborder=\"0\"><\/iframe><\/p>\n","protected":false},"excerpt":{"rendered":"Je me consid\u00e8re comme une fan de Pixar et les films de ce studio m&rsquo;ont rarement d\u00e9\u00e7ue. N\u00e9anmoins, ils me semblent tous un \n<a class=\"moretag\" href=\"http:\/\/elsa-fachinetti.fr\/blog\/vice-versa-la-crise-dado-vue-par-pixar\/\"> [...]<\/a>","protected":false},"author":1,"featured_media":3130,"comment_status":"open","ping_status":"open","sticky":false,"template":"","format":"standard","meta":{"footnotes":"","_links_to":"","_links_to_target":""},"categories":[245],"tags":[30,54],"aioseo_notices":[],"_links":{"self":[{"href":"http:\/\/elsa-fachinetti.fr\/blog\/wp-json\/wp\/v2\/posts\/3067"}],"collection":[{"href":"http:\/\/elsa-fachinetti.fr\/blog\/wp-json\/wp\/v2\/posts"}],"about":[{"href":"http:\/\/elsa-fachinetti.fr\/blog\/wp-json\/wp\/v2\/types\/post"}],"author":[{"embeddable":true,"href":"http:\/\/elsa-fachinetti.fr\/blog\/wp-json\/wp\/v2\/users\/1"}],"replies":[{"embeddable":true,"href":"http:\/\/elsa-fachinetti.fr\/blog\/wp-json\/wp\/v2\/comments?post=3067"}],"version-history":[{"count":2,"href":"http:\/\/elsa-fachinetti.fr\/blog\/wp-json\/wp\/v2\/posts\/3067\/revisions"}],"predecessor-version":[{"id":3133,"href":"http:\/\/elsa-fachinetti.fr\/blog\/wp-json\/wp\/v2\/posts\/3067\/revisions\/3133"}],"wp:featuredmedia":[{"embeddable":true,"href":"http:\/\/elsa-fachinetti.fr\/blog\/wp-json\/wp\/v2\/media\/3130"}],"wp:attachment":[{"href":"http:\/\/elsa-fachinetti.fr\/blog\/wp-json\/wp\/v2\/media?parent=3067"}],"wp:term":[{"taxonomy":"category","embeddable":true,"href":"http:\/\/elsa-fachinetti.fr\/blog\/wp-json\/wp\/v2\/categories?post=3067"},{"taxonomy":"post_tag","embeddable":true,"href":"http:\/\/elsa-fachinetti.fr\/blog\/wp-json\/wp\/v2\/tags?post=3067"}],"curies":[{"name":"wp","href":"https:\/\/api.w.org\/{rel}","templated":true}]}}