
{"id":2990,"date":"2013-11-26T23:49:09","date_gmt":"2013-11-26T22:49:09","guid":{"rendered":"http:\/\/elsa-fachinetti.fr\/blog\/?p=2990"},"modified":"2015-08-17T23:30:08","modified_gmt":"2015-08-17T22:30:08","slug":"atvakhabar-rhapsodies-voyage-au-pays-de-limaginaire","status":"publish","type":"post","link":"http:\/\/elsa-fachinetti.fr\/blog\/atvakhabar-rhapsodies-voyage-au-pays-de-limaginaire\/","title":{"rendered":"Atvakhabar Rhapsodies : voyage au pays de l&rsquo;imaginaire&#8230;"},"content":{"rendered":"<p>Voici un court article pour vous parler du spectacle de <strong>danse\u00a0Atvakhabar Rhapsodies<\/strong>. Je suis all\u00e9e le voir jeudi dernier \u00e0 l&rsquo;Op\u00e9ra de Lyon, o\u00f9 il \u00e9tait jou\u00e9 pendant quelques jours. Et que dire, si ce n&rsquo;est que je suis tomb\u00e9e sous le charme !<\/p>\n<p>Durant 1h30, Marcia Barcellos et Karl Biscuit nous font d\u00e9couvrir les terres myst\u00e9rieuses <strong>d&rsquo;Atvakhabar<\/strong> dans une ambiance envo\u00fbtante, \u00e0 travers des d\u00e9cors oniriques et des costumes incroyables.<\/p>\n<p>J&rsquo;ai \u00e9t\u00e9 totalement captiv\u00e9e tout au long de la repr\u00e9sentation, bien que certains passages gagneraient \u00e0 \u00eatre raccourcis. Chaque \u00e9l\u00e9ment contribue \u00e0 nous<strong> d\u00e9connecter de la r\u00e9alit\u00e9<\/strong> et \u00e0 nous faire voyager. R\u00e9guli\u00e8rement, la \u00ab\u00a0narration\u00a0\u00bb est interrompue par des interludes traitant de la culture du peuple d&rsquo;Atvakhabar, tant\u00f4t <strong>intrigants<\/strong>, tant\u00f4t <strong>comiques<\/strong>, et dont vous pouvez voir des extraits dans la vid\u00e9o suivante :<\/p>\n<p style=\"text-align: center;\"><object width=\"560\" height=\"315\" classid=\"clsid:d27cdb6e-ae6d-11cf-96b8-444553540000\" codebase=\"http:\/\/download.macromedia.com\/pub\/shockwave\/cabs\/flash\/swflash.cab#version=6,0,40,0\"><param name=\"allowFullScreen\" value=\"true\" \/><param name=\"allowscriptaccess\" value=\"always\" \/><param name=\"src\" value=\"\/\/www.youtube.com\/v\/f_CC2QRqXtk?version=3&amp;hl=fr_FR\" \/><param name=\"allowfullscreen\" value=\"true\" \/><embed width=\"560\" height=\"315\" type=\"application\/x-shockwave-flash\" src=\"\/\/www.youtube.com\/v\/f_CC2QRqXtk?version=3&amp;hl=fr_FR\" allowfullscreen=\"allowfullscreen\" allowscriptaccess=\"always\" allowfullscreen=\"allowfullscreen\" \/><\/object><\/p>\n<p>Je n&rsquo;ai malheureusement pas trouv\u00e9 d&rsquo;autres extraits du spectacle, mais je ne peux que vous le conseiller si vous avez l&rsquo;occasion de le voir.\u00a0<strong>Atvakhabar Rhapsodies<\/strong> saura vous faire oublier le reste du monde&#8230;<\/p>\n<p style=\"text-align: center;\"><iframe loading=\"lazy\" src=\"http:\/\/www.dailymotion.com\/embed\/video\/x128ekp\" width=\"480\" height=\"270\" frameborder=\"0\"><\/iframe><\/p>\n<p>&nbsp;<\/p>\n","protected":false},"excerpt":{"rendered":"Voici un court article pour vous parler du spectacle de danse\u00a0Atvakhabar Rhapsodies. Je suis all\u00e9e le voir jeudi dernier \u00e0 l&rsquo;Op\u00e9ra de Lyon, \n<a class=\"moretag\" href=\"http:\/\/elsa-fachinetti.fr\/blog\/atvakhabar-rhapsodies-voyage-au-pays-de-limaginaire\/\"> [...]<\/a>","protected":false},"author":1,"featured_media":3121,"comment_status":"open","ping_status":"open","sticky":false,"template":"","format":"standard","meta":{"footnotes":"","_links_to":"","_links_to_target":""},"categories":[13],"tags":[33,395],"aioseo_notices":[],"_links":{"self":[{"href":"http:\/\/elsa-fachinetti.fr\/blog\/wp-json\/wp\/v2\/posts\/2990"}],"collection":[{"href":"http:\/\/elsa-fachinetti.fr\/blog\/wp-json\/wp\/v2\/posts"}],"about":[{"href":"http:\/\/elsa-fachinetti.fr\/blog\/wp-json\/wp\/v2\/types\/post"}],"author":[{"embeddable":true,"href":"http:\/\/elsa-fachinetti.fr\/blog\/wp-json\/wp\/v2\/users\/1"}],"replies":[{"embeddable":true,"href":"http:\/\/elsa-fachinetti.fr\/blog\/wp-json\/wp\/v2\/comments?post=2990"}],"version-history":[{"count":2,"href":"http:\/\/elsa-fachinetti.fr\/blog\/wp-json\/wp\/v2\/posts\/2990\/revisions"}],"predecessor-version":[{"id":3120,"href":"http:\/\/elsa-fachinetti.fr\/blog\/wp-json\/wp\/v2\/posts\/2990\/revisions\/3120"}],"wp:featuredmedia":[{"embeddable":true,"href":"http:\/\/elsa-fachinetti.fr\/blog\/wp-json\/wp\/v2\/media\/3121"}],"wp:attachment":[{"href":"http:\/\/elsa-fachinetti.fr\/blog\/wp-json\/wp\/v2\/media?parent=2990"}],"wp:term":[{"taxonomy":"category","embeddable":true,"href":"http:\/\/elsa-fachinetti.fr\/blog\/wp-json\/wp\/v2\/categories?post=2990"},{"taxonomy":"post_tag","embeddable":true,"href":"http:\/\/elsa-fachinetti.fr\/blog\/wp-json\/wp\/v2\/tags?post=2990"}],"curies":[{"name":"wp","href":"https:\/\/api.w.org\/{rel}","templated":true}]}}