
{"id":2221,"date":"2010-11-02T22:32:00","date_gmt":"2010-11-02T21:32:00","guid":{"rendered":"http:\/\/elsa-fachinetti.fr\/blog\/?p=2221"},"modified":"2010-11-02T22:32:00","modified_gmt":"2010-11-02T21:32:00","slug":"sens-critique-le-reseau-social-des-produits-culturels","status":"publish","type":"post","link":"http:\/\/elsa-fachinetti.fr\/blog\/sens-critique-le-reseau-social-des-produits-culturels\/","title":{"rendered":"Sens Critique, le r\u00e9seau social des f\u00e9rus de livres, films, jeux vid\u00e9os&#8230;"},"content":{"rendered":"<p>Sens Critique est un <strong>r\u00e9seau social bas\u00e9 les produits culturels<\/strong> : livres, films, s\u00e9ries, jeux vid\u00e9os, BD et bient\u00f4t musique. Apr\u00e8s une version b\u00eata accessible uniquement sur invitation, le site<strong> Sens Critique <\/strong>a ouvert ses portes \u00e0 tous hier.<\/p>\n<p style=\"text-align: center;\"><img decoding=\"async\" class=\"size-full wp-image-2225 alignnone\" title=\"Sens Critique\" src=\"http:\/\/elsa-fachinetti.fr\/blog\/wp-content\/uploads\/2010\/11\/logo1.bmp\" alt=\"Sens Critique\" \/><\/p>\n<p>Chaque membre peut :<br \/>\n&#8211; <strong>Noter <\/strong>un film, livre, jeu vid\u00e9o, une s\u00e9rie ou une BD.<br \/>\n&#8211; <strong>R\u00e9diger <\/strong>une critique, et m\u00eame la lier \u00e0 un article de son <strong>blog <\/strong>(utile si vous avez r\u00e9dig\u00e9 une critique plus compl\u00e8te sur votre blog personnel).<br \/>\n&#8211; <strong>Cr\u00e9er son Top 10<\/strong> livres, son Top 10 films, etc., ou cr\u00e9er ses propres listes. Certaines listes sont d&rsquo;ailleurs assez dr\u00f4les, et les membres sont encourag\u00e9s \u00e0 faire preuve d&rsquo;originalit\u00e9 :<\/p>\n<p style=\"text-align: center;\"><img decoding=\"async\" loading=\"lazy\" class=\"aligncenter size-full wp-image-2233\" title=\"exemple de listes\" src=\"http:\/\/elsa-fachinetti.fr\/blog\/wp-content\/uploads\/2010\/11\/liste.png\" alt=\"exemple de listes\" width=\"387\" height=\"329\" srcset=\"http:\/\/elsa-fachinetti.fr\/blog\/wp-content\/uploads\/2010\/11\/liste.png 645w, http:\/\/elsa-fachinetti.fr\/blog\/wp-content\/uploads\/2010\/11\/liste-300x255.png 300w\" sizes=\"(max-width: 387px) 100vw, 387px\" \/><\/p>\n<p>&#8211; Ajouter des produits \u00e0 votre liste d&rsquo;achat, \u00ab\u00a0\u00e0 lire\u00a0\u00bb ou \u00ab\u00a0\u00e0 regarder\u00a0\u00bb.<br \/>\n&#8211; Noter ou commenter une critique existante&#8230;<\/p>\n<p>Plus vous \u00eates actif sur le site, <strong>plus vous remportez de badges<\/strong>. Vous recevez le badge \u00ab\u00a0collectionneur Niveau 1\u00a0\u00bb quand votre collection contient entre 1 et 100 \u0153uvres, le badge critique niveau 2 quand vous aurez r\u00e9dig\u00e9 entre 10 et 50 critiques&#8230; Cela permet aux autres inscrits de cerner davantage un membre, et vous motive \u00e0 participer \u00e0 la vie du site.<\/p>\n<h2>Entourez-vous d&rsquo;\u00a0\u00ab\u00a0\u00e9claireurs\u00a0\u00bb !<\/h2>\n<p>Mais le principal int\u00e9r\u00eat de Sens Critique est tout autre : c&rsquo;est le <strong>syst\u00e8me d&rsquo;\u00e9claireurs<\/strong>. Vous avez rep\u00e9r\u00e9 un membre qui poss\u00e8de les m\u00eames go\u00fbts que vous ? Nommez-le \u00ab\u00a0\u00e9claireur\u00a0\u00bb ! Ainsi, chaque fois qu&rsquo;il notera ou critiquera un produit, cela appara\u00eetra dans votre flux d&rsquo;information, sur votre page principale. Un <strong>bon moyen de faire des d\u00e9couvertes !<\/strong><\/p>\n<p style=\"text-align:center\"><img decoding=\"async\" loading=\"lazy\" class=\"aligncenter size-full wp-image-2230\" title=\"Eclaireurs\" src=\"http:\/\/elsa-fachinetti.fr\/blog\/wp-content\/uploads\/2010\/11\/eclaireurs.png\" alt=\"Eclaireurs\" width=\"433\" height=\"55\" srcset=\"http:\/\/elsa-fachinetti.fr\/blog\/wp-content\/uploads\/2010\/11\/eclaireurs.png 433w, http:\/\/elsa-fachinetti.fr\/blog\/wp-content\/uploads\/2010\/11\/eclaireurs-300x38.png 300w\" sizes=\"(max-width: 433px) 100vw, 433px\" \/><\/p>\n<p>Sens Critique ressemble donc \u00e0 un m\u00e9lange de <a href=\"http:\/\/foursquare.com\/\">Foursquare<\/a>, pour le syst\u00e8me de badges, et d&rsquo;<a href=\"http:\/\/www.amazon.fr\/\">Amazon<\/a>, pour les listes et le syst\u00e8me commentaires\/notes sur des produits culturels. Cependant, les <strong>aspects communautaire et interactif<\/strong> ont \u00e9t\u00e9 mis au premier plan, ce qui donne une grande valeur ajout\u00e9e au site.<\/p>\n<p>Bien s\u00fbr, Sens Critique est tout r\u00e9cent et est encore en version b\u00eata, <strong>tout n&rsquo;est donc pas parfait<\/strong>. L&rsquo;ergonomie n&rsquo;est pas toujours excellente, lorsqu&rsquo;on veut acc\u00e9der au profil d&rsquo;un membre par exemple.<br \/>\nIl serait aussi appr\u00e9ciable de pouvoir suivre un \u00e9claireur sur un type de produits particulier. En effet, on peut avoir les m\u00eames go\u00fbts qu&rsquo;une personne en mati\u00e8re de films, et ne pas aimer du tout le m\u00eame type de livres ou de jeux vid\u00e9os.<\/p>\n<p>En conclusion, Sens Critique est un <strong>r\u00e9seau social prometteur <\/strong>et amen\u00e9 \u00e0 \u00e9voluer. A suivre, donc !<\/p>\n<p>Sur le web :<br \/>\n&#8211; <a href=\"http:\/\/www.senscritique.com\/\">le site de Sens Critique<\/a><br \/>\n&#8211; <a href=\"http:\/\/www.senscritique.com\/mandarine\/\">Mon profil sur Sens Critique<\/a><br \/>\nPour suivre les \u00e9volutions du site :<br \/>\n&#8211; <a href=\"http:\/\/www.facebook.com\/senscritique\">Sens Critique sur Facebook<\/a><br \/>\n&#8211; <a href=\"http:\/\/www.twitter.com\/senscritique\">Sens critique sur Twitter<\/a><\/p>\n","protected":false},"excerpt":{"rendered":"Sens Critique est un r\u00e9seau social bas\u00e9 les produits culturels : livres, films, s\u00e9ries, jeux vid\u00e9os, BD et bient\u00f4t musique. Apr\u00e8s une version \n<a class=\"moretag\" href=\"http:\/\/elsa-fachinetti.fr\/blog\/sens-critique-le-reseau-social-des-produits-culturels\/\"> [...]<\/a>","protected":false},"author":1,"featured_media":0,"comment_status":"open","ping_status":"open","sticky":false,"template":"","format":"standard","meta":{"footnotes":"","_links_to":"","_links_to_target":""},"categories":[464],"tags":[155,364,184],"aioseo_notices":[],"_links":{"self":[{"href":"http:\/\/elsa-fachinetti.fr\/blog\/wp-json\/wp\/v2\/posts\/2221"}],"collection":[{"href":"http:\/\/elsa-fachinetti.fr\/blog\/wp-json\/wp\/v2\/posts"}],"about":[{"href":"http:\/\/elsa-fachinetti.fr\/blog\/wp-json\/wp\/v2\/types\/post"}],"author":[{"embeddable":true,"href":"http:\/\/elsa-fachinetti.fr\/blog\/wp-json\/wp\/v2\/users\/1"}],"replies":[{"embeddable":true,"href":"http:\/\/elsa-fachinetti.fr\/blog\/wp-json\/wp\/v2\/comments?post=2221"}],"version-history":[{"count":0,"href":"http:\/\/elsa-fachinetti.fr\/blog\/wp-json\/wp\/v2\/posts\/2221\/revisions"}],"wp:attachment":[{"href":"http:\/\/elsa-fachinetti.fr\/blog\/wp-json\/wp\/v2\/media?parent=2221"}],"wp:term":[{"taxonomy":"category","embeddable":true,"href":"http:\/\/elsa-fachinetti.fr\/blog\/wp-json\/wp\/v2\/categories?post=2221"},{"taxonomy":"post_tag","embeddable":true,"href":"http:\/\/elsa-fachinetti.fr\/blog\/wp-json\/wp\/v2\/tags?post=2221"}],"curies":[{"name":"wp","href":"https:\/\/api.w.org\/{rel}","templated":true}]}}