
{"id":2177,"date":"2010-09-15T13:57:47","date_gmt":"2010-09-15T12:57:47","guid":{"rendered":"http:\/\/elsa-fachinetti.fr\/blog\/?p=2177"},"modified":"2010-09-15T13:57:47","modified_gmt":"2010-09-15T12:57:47","slug":"nissan-lours-polaire-et-la-voiture-electrique","status":"publish","type":"post","link":"http:\/\/elsa-fachinetti.fr\/blog\/nissan-lours-polaire-et-la-voiture-electrique\/","title":{"rendered":"Nissan, l&rsquo;ours polaire et la voiture \u00e9lectrique"},"content":{"rendered":"<p>Apr\u00e8s les <a href=\"http:\/\/elsa-fachinetti.fr\/blog\/2010\/09\/ikea-une-nouvelle-publicite-au-poil\/\">100 chats d&rsquo;Ikea<\/a>, on reste dans les spots animaliers avec la derni\u00e8re publicit\u00e9 pour la<strong> nouvelle voiture \u00e9lectrique de Nissan<\/strong>.<\/p>\n<p>Dans cette vid\u00e9o, un ours polaire menac\u00e9 par la fonte des glaces se lance dans une longue travers\u00e9e. Son but ?  Remercier le possesseur d&rsquo;une Nissan Leaf. Mignon.<\/p>\n<p style=\"text-align:center\"><object width=\"640\" height=\"385\"><param name=\"movie\" value=\"http:\/\/www.youtube.com\/v\/BNeEVkhTutY?fs=1&amp;hl=fr_FR\"><\/param><param name=\"allowFullScreen\" value=\"true\"><\/param><param name=\"allowscriptaccess\" value=\"always\"><\/param><embed src=\"http:\/\/www.youtube.com\/v\/BNeEVkhTutY?fs=1&amp;hl=fr_FR\" type=\"application\/x-shockwave-flash\" allowscriptaccess=\"always\" allowfullscreen=\"true\" width=\"640\" height=\"385\"><\/embed><\/object><\/p>\n","protected":false},"excerpt":{"rendered":"Apr\u00e8s les 100 chats d&rsquo;Ikea, on reste dans les spots animaliers avec la derni\u00e8re publicit\u00e9 pour la nouvelle voiture \u00e9lectrique de Nissan. Dans \n<a class=\"moretag\" href=\"http:\/\/elsa-fachinetti.fr\/blog\/nissan-lours-polaire-et-la-voiture-electrique\/\"> [...]<\/a>","protected":false},"author":1,"featured_media":0,"comment_status":"open","ping_status":"open","sticky":false,"template":"","format":"standard","meta":{"footnotes":"","_links_to":"","_links_to_target":""},"categories":[356],"tags":[31,74,359,227],"aioseo_notices":[],"_links":{"self":[{"href":"http:\/\/elsa-fachinetti.fr\/blog\/wp-json\/wp\/v2\/posts\/2177"}],"collection":[{"href":"http:\/\/elsa-fachinetti.fr\/blog\/wp-json\/wp\/v2\/posts"}],"about":[{"href":"http:\/\/elsa-fachinetti.fr\/blog\/wp-json\/wp\/v2\/types\/post"}],"author":[{"embeddable":true,"href":"http:\/\/elsa-fachinetti.fr\/blog\/wp-json\/wp\/v2\/users\/1"}],"replies":[{"embeddable":true,"href":"http:\/\/elsa-fachinetti.fr\/blog\/wp-json\/wp\/v2\/comments?post=2177"}],"version-history":[{"count":0,"href":"http:\/\/elsa-fachinetti.fr\/blog\/wp-json\/wp\/v2\/posts\/2177\/revisions"}],"wp:attachment":[{"href":"http:\/\/elsa-fachinetti.fr\/blog\/wp-json\/wp\/v2\/media?parent=2177"}],"wp:term":[{"taxonomy":"category","embeddable":true,"href":"http:\/\/elsa-fachinetti.fr\/blog\/wp-json\/wp\/v2\/categories?post=2177"},{"taxonomy":"post_tag","embeddable":true,"href":"http:\/\/elsa-fachinetti.fr\/blog\/wp-json\/wp\/v2\/tags?post=2177"}],"curies":[{"name":"wp","href":"https:\/\/api.w.org\/{rel}","templated":true}]}}