
{"id":2100,"date":"2010-04-09T21:17:24","date_gmt":"2010-04-09T20:17:24","guid":{"rendered":"http:\/\/elsa-fachinetti.fr\/blog\/?p=2100"},"modified":"2010-04-09T21:17:24","modified_gmt":"2010-04-09T20:17:24","slug":"cest-lhistoire-dune-franc-comtoise-a-paris","status":"publish","type":"post","link":"http:\/\/elsa-fachinetti.fr\/blog\/cest-lhistoire-dune-franc-comtoise-a-paris\/","title":{"rendered":"C&rsquo;est l&rsquo;histoire d&rsquo;une Franc-Comtoise \u00e0 Paris&#8230;"},"content":{"rendered":"<p>Voil\u00e0 d\u00e9j\u00e0 3 semaines que je n&rsquo;ai pas \u00e9crit. Il faut dire que le temps est pass\u00e9 tr\u00e8s vite <a href=\"http:\/\/elsa-fachinetti.fr\/blog\/2010\/03\/src-une-page-se-tourne\/\">depuis le d\u00e9but de mon stage chez Dixxit<\/a>, le 22 mars. Je vais donc faire un bref retour sur ce qui s&rsquo;est pass\u00e9 derni\u00e8rement.<\/p>\n<p>Mon stage \u00e0 l&rsquo;agence se passe tr\u00e8s bien. Toute l&rsquo;\u00e9quipe est vraiment sympa, tr\u00e8s accueillante, et j&rsquo;ai eu l&rsquo;occasion de faire pas mal de choses depuis mon arriv\u00e9e. Du <strong>dossier <\/strong>\u00e0 l&rsquo;<strong>interview <\/strong>en passant par un coup de main pour une <strong>newsletter<\/strong>, je vois les diff\u00e9rents champs d&rsquo;action d&rsquo;une r\u00e9dactrice web et comment elle s&rsquo;int\u00e8gre dans l&rsquo;\u00e9quipe, ce qui est assez enrichissant.<\/p>\n<h3>Telle un cam\u00e9l\u00e9on dans la masse de touristes&#8230;<\/h3>\n<p>Petit \u00e0 petit, <strong>je m&rsquo;acclimate \u00e0 la vie parisienne<\/strong>. Les premiers jours n&rsquo;ont pas \u00e9t\u00e9 faciles, mais le coup de blues est pass\u00e9. Je profite de mon s\u00e9jour pr\u00e8s de la Capitale pour d\u00e9couvrir les recoins de Paris.<br \/>\nLes deux premiers week ends n&rsquo;ont pas \u00e9t\u00e9 tr\u00e8s beaux. J&rsquo;en ai donc profit\u00e9 pour visiter <a href=\"http:\/\/www.louvre.fr\">le Louvre<\/a>, du moins une partie, le <a href=\"http:\/\/www.quaibranly.fr\/\">mus\u00e9e du Quai Branly<\/a>, le <a href=\"http:\/\/www.guimet.fr\/\">mus\u00e9e Guimet des Arts Asiatiques<\/a>, le <a href=\"http:\/\/www.musee-moyenage.fr\/\">mus\u00e9e Cluny du Moyen-\u00c2ge<\/a> et le Panth\u00e9on.<br \/>\nJ&rsquo;ai \u00e9t\u00e9 vraiment impressionn\u00e9e par le <strong>Louvre <\/strong>et sa <strong>collection d&rsquo;objets \u00e9gyptiens<\/strong>. Sa collection sur les Arts Oc\u00e9aniques (apparemment pr\u00e9sente temporairement) \u00e9tait aussi tr\u00e8s belle. J&rsquo;ai \u00e9galement beaucoup aim\u00e9 le mus\u00e9e du <strong>Quai Branly,avec son ambiance exotique <\/strong>et sa lumi\u00e8re tamis\u00e9e. En revanche, j&rsquo;ai \u00e9t\u00e9 un peu d\u00e9\u00e7ue par la visite du Panth\u00e9on : je l&rsquo;imaginais un peu plus, hum&#8230; saisissant (Je dois avouer que je ne connais pas une partie des Grands Hommes qui y sont enterr\u00e9s !)<\/p>\n<p>Demain, je continue \u00e0 faire la touriste et je vais aller jusqu&rsquo;au <strong>Jardin des Plantes.<\/strong> Il parait que c&rsquo;est superbe, et la m\u00e9t\u00e9o annonce du beau temps sur Paris, je ne voudrais pas rater \u00e7a ! J&rsquo;en profiterai pour voir la fameuse galerie de l&rsquo;\u00e9volution et le <strong>mus\u00e9um d&rsquo;histoire naturelle<\/strong>, juste \u00e0 c\u00f4t\u00e9. Voil\u00e0 encore un week end que je ne vais pas voir passer.<\/p>\n<p><strong>Allez, une petite s\u00e9rie de photos de la Tour Eiffel pour finir.<\/strong><br \/>\nVoil\u00e0 la vue que j&rsquo;ai en allant \u00e0 l&rsquo;agence le matin et en rentrant le soir (<strong>vue depuis le mont Val\u00e9rien<\/strong>) :<\/p>\n<p style=\"text-align: center;\"><a href=\"http:\/\/elsa-fachinetti.fr\/blog\/wp-content\/uploads\/2010\/04\/tour-eiffel.jpg\"><img decoding=\"async\" loading=\"lazy\" class=\"aligncenter size-full wp-image-2101\" title=\"Tour eiffel vue du mont val\u00e9rien\" src=\"http:\/\/elsa-fachinetti.fr\/blog\/wp-content\/uploads\/2010\/04\/tour-eiffel.jpg\" alt=\"Tour eiffel vue du mont val\u00e9rien\" width=\"300\" height=\"400\" srcset=\"http:\/\/elsa-fachinetti.fr\/blog\/wp-content\/uploads\/2010\/04\/tour-eiffel.jpg 500w, http:\/\/elsa-fachinetti.fr\/blog\/wp-content\/uploads\/2010\/04\/tour-eiffel-224x300.jpg 224w\" sizes=\"(max-width: 300px) 100vw, 300px\" \/><\/a><\/p>\n<p>La Tour Eiffel prise du m\u00eame endroit, de nuit :<\/p>\n<p style=\"text-align: center;\"><a href=\"http:\/\/elsa-fachinetti.fr\/blog\/wp-content\/uploads\/2010\/04\/tour-eiffel3.jpg\"><img decoding=\"async\" loading=\"lazy\" class=\"aligncenter size-full wp-image-2102\" title=\"Tour eiffel vue du mont val\u00e9rien\" src=\"http:\/\/elsa-fachinetti.fr\/blog\/wp-content\/uploads\/2010\/04\/tour-eiffel3.jpg\" alt=\"Tour eiffel vue du mont val\u00e9rien\" width=\"420\" height=\"315\" srcset=\"http:\/\/elsa-fachinetti.fr\/blog\/wp-content\/uploads\/2010\/04\/tour-eiffel3.jpg 700w, http:\/\/elsa-fachinetti.fr\/blog\/wp-content\/uploads\/2010\/04\/tour-eiffel3-300x225.jpg 300w\" sizes=\"(max-width: 420px) 100vw, 420px\" \/><\/a><\/p>\n<p>Et la Tour Eiffel photographi\u00e9e depuis le pont de l&rsquo;Alma :<\/p>\n<p style=\"text-align: center;\"><a href=\"http:\/\/elsa-fachinetti.fr\/blog\/wp-content\/uploads\/2010\/04\/tour-eiffel2.jpg\"><img decoding=\"async\" loading=\"lazy\" class=\"aligncenter size-full wp-image-2103\" title=\"Tour eiffel vue du pont de l'Alma\" src=\"http:\/\/elsa-fachinetti.fr\/blog\/wp-content\/uploads\/2010\/04\/tour-eiffel2.jpg\" alt=\"Tour eiffel vue du pont de l'Alma\" width=\"300\" height=\"400\" srcset=\"http:\/\/elsa-fachinetti.fr\/blog\/wp-content\/uploads\/2010\/04\/tour-eiffel2.jpg 500w, http:\/\/elsa-fachinetti.fr\/blog\/wp-content\/uploads\/2010\/04\/tour-eiffel2-224x300.jpg 224w\" sizes=\"(max-width: 300px) 100vw, 300px\" \/><\/a><\/p>\n<p>(Parce que oui, je suis une vraie touriste qui se passionne pour la Tour Eiffel.)<\/p>\n","protected":false},"excerpt":{"rendered":"Voil\u00e0 d\u00e9j\u00e0 3 semaines que je n&rsquo;ai pas \u00e9crit. Il faut dire que le temps est pass\u00e9 tr\u00e8s vite depuis le d\u00e9but de \n<a class=\"moretag\" href=\"http:\/\/elsa-fachinetti.fr\/blog\/cest-lhistoire-dune-franc-comtoise-a-paris\/\"> [...]<\/a>","protected":false},"author":1,"featured_media":0,"comment_status":"open","ping_status":"open","sticky":false,"template":"","format":"standard","meta":{"footnotes":"","_links_to":"","_links_to_target":""},"categories":[463],"tags":[6,349,167,341,294],"aioseo_notices":[],"_links":{"self":[{"href":"http:\/\/elsa-fachinetti.fr\/blog\/wp-json\/wp\/v2\/posts\/2100"}],"collection":[{"href":"http:\/\/elsa-fachinetti.fr\/blog\/wp-json\/wp\/v2\/posts"}],"about":[{"href":"http:\/\/elsa-fachinetti.fr\/blog\/wp-json\/wp\/v2\/types\/post"}],"author":[{"embeddable":true,"href":"http:\/\/elsa-fachinetti.fr\/blog\/wp-json\/wp\/v2\/users\/1"}],"replies":[{"embeddable":true,"href":"http:\/\/elsa-fachinetti.fr\/blog\/wp-json\/wp\/v2\/comments?post=2100"}],"version-history":[{"count":0,"href":"http:\/\/elsa-fachinetti.fr\/blog\/wp-json\/wp\/v2\/posts\/2100\/revisions"}],"wp:attachment":[{"href":"http:\/\/elsa-fachinetti.fr\/blog\/wp-json\/wp\/v2\/media?parent=2100"}],"wp:term":[{"taxonomy":"category","embeddable":true,"href":"http:\/\/elsa-fachinetti.fr\/blog\/wp-json\/wp\/v2\/categories?post=2100"},{"taxonomy":"post_tag","embeddable":true,"href":"http:\/\/elsa-fachinetti.fr\/blog\/wp-json\/wp\/v2\/tags?post=2100"}],"curies":[{"name":"wp","href":"https:\/\/api.w.org\/{rel}","templated":true}]}}