
{"id":1953,"date":"2010-01-18T21:22:34","date_gmt":"2010-01-18T20:22:34","guid":{"rendered":"http:\/\/elsa-fachinetti.fr\/blog\/?p=1953"},"modified":"2010-01-18T21:22:34","modified_gmt":"2010-01-18T20:22:34","slug":"prenez-une-bouffee-dair-frais-avec-co2","status":"publish","type":"post","link":"http:\/\/elsa-fachinetti.fr\/blog\/prenez-une-bouffee-dair-frais-avec-co2\/","title":{"rendered":"Prenez une bouff\u00e9e d&rsquo;air frais avec CO2"},"content":{"rendered":"<p>Encore un jeu de mots un peu facile, mais peu importe ! <strong>CO2 est une s\u00e9rie anim\u00e9e<\/strong> que je viens de re-d\u00e9couvrir sur MCM, mais qui a \u00e9t\u00e9 cr\u00e9\u00e9e entre 2004 et 2007. Cette production de <a href=\"http:\/\/www.jesuisbiencontent.com\/\">Je Suis Bien Content<\/a> raconte les d\u00e9boires des <strong>CO2, un groupe de rock<\/strong> compos\u00e9 de Carl, Odile et Olaf, qui ont bien du mal \u00e0 percer dans le milieu de la musique. Chaque \u00e9pisode <strong>ne dure que deux minutes<\/strong>, c&rsquo;est <strong>dr\u00f4le<\/strong>, et \u00e7a se mange sans faim.<br \/>\nVous pouvez retrouver plusieurs de <a href=\"http:\/\/www.youtube.com\/watch?v=rHRQkeMKhsQ\">ces \u00e9pisodes sur Youtube<\/a>, et il y en a s\u00fbrement ailleurs en cherchant bien ! Sinon, la s\u00e9rie est diffus\u00e9e tous les jours, \u00e0 20h15, sur MCM.<\/p>\n<p style=\"text-align:center\"><object width=\"480\" height=\"385\"><param name=\"movie\" value=\"http:\/\/www.youtube.com\/v\/WPtNw1DsEZ0&#038;hl=fr_FR&#038;fs=1&#038;\"><\/param><param name=\"allowFullScreen\" value=\"true\"><\/param><param name=\"allowscriptaccess\" value=\"always\"><\/param><embed src=\"http:\/\/www.youtube.com\/v\/WPtNw1DsEZ0&#038;hl=fr_FR&#038;fs=1&#038;\" type=\"application\/x-shockwave-flash\" allowscriptaccess=\"always\" allowfullscreen=\"true\" width=\"480\" height=\"385\"><\/embed><\/object><\/object><\/p>\n<p style=\"text-align:center\"><object width=\"480\" height=\"385\"><param name=\"movie\" value=\"http:\/\/www.youtube.com\/v\/rHRQkeMKhsQ&#038;hl=fr_FR&#038;fs=1&#038;\"><\/param><param name=\"allowFullScreen\" value=\"true\"><\/param><param name=\"allowscriptaccess\" value=\"always\"><\/param><embed src=\"http:\/\/www.youtube.com\/v\/rHRQkeMKhsQ&#038;hl=fr_FR&#038;fs=1&#038;\" type=\"application\/x-shockwave-flash\" allowscriptaccess=\"always\" allowfullscreen=\"true\" width=\"480\" height=\"385\"><\/embed><\/object><\/object><\/p>\n<p>Bon allez, un clin d&rsquo;\u0153il \u00e0 <a href=\"http:\/\/www.mimu.fr\">Mimu<\/a> : <strong>\u00ab\u00a0Deux \u0153ufs discutent dans un frigo, et l&rsquo;un dit a l&rsquo;autre : \u00ab\u00a0Pourquoi t&rsquo;es tout vert avec des poils ?\u00a0\u00bb et l&rsquo;autre : \u00ab\u00a0Parce que je suis un kiwi CONNARD !\u00a0\u00bb<\/strong> (Merci \u00e0 T. M. pour la blague et Mimu : tu me dois une place de cin\u00e9.)<\/p>\n<p>Votez pour cet article sur <a href=\"http:\/\/www.wikio.fr\/vote?url=http:\/\/elsa-fachinetti.fr\/blog\/2010\/01\/prenez-une-bouffee-dair-frais-avec-co2\/\" target=\"_blank\"><img decoding=\"async\" style=\"border:none;vertical-align:middle;\" src=\"http:\/\/www.wikio.fr\/shared\/img\/vote\/wikio4.gif\" alt=\"\" \/><\/a> !<\/p>\n","protected":false},"excerpt":{"rendered":"Encore un jeu de mots un peu facile, mais peu importe ! CO2 est une s\u00e9rie anim\u00e9e que je viens de re-d\u00e9couvrir sur \n<a class=\"moretag\" href=\"http:\/\/elsa-fachinetti.fr\/blog\/prenez-une-bouffee-dair-frais-avec-co2\/\"> [...]<\/a>","protected":false},"author":1,"featured_media":0,"comment_status":"open","ping_status":"open","sticky":false,"template":"","format":"standard","meta":{"footnotes":"","_links_to":"","_links_to_target":""},"categories":[11,12],"tags":[32,100,158,180],"aioseo_notices":[],"_links":{"self":[{"href":"http:\/\/elsa-fachinetti.fr\/blog\/wp-json\/wp\/v2\/posts\/1953"}],"collection":[{"href":"http:\/\/elsa-fachinetti.fr\/blog\/wp-json\/wp\/v2\/posts"}],"about":[{"href":"http:\/\/elsa-fachinetti.fr\/blog\/wp-json\/wp\/v2\/types\/post"}],"author":[{"embeddable":true,"href":"http:\/\/elsa-fachinetti.fr\/blog\/wp-json\/wp\/v2\/users\/1"}],"replies":[{"embeddable":true,"href":"http:\/\/elsa-fachinetti.fr\/blog\/wp-json\/wp\/v2\/comments?post=1953"}],"version-history":[{"count":0,"href":"http:\/\/elsa-fachinetti.fr\/blog\/wp-json\/wp\/v2\/posts\/1953\/revisions"}],"wp:attachment":[{"href":"http:\/\/elsa-fachinetti.fr\/blog\/wp-json\/wp\/v2\/media?parent=1953"}],"wp:term":[{"taxonomy":"category","embeddable":true,"href":"http:\/\/elsa-fachinetti.fr\/blog\/wp-json\/wp\/v2\/categories?post=1953"},{"taxonomy":"post_tag","embeddable":true,"href":"http:\/\/elsa-fachinetti.fr\/blog\/wp-json\/wp\/v2\/tags?post=1953"}],"curies":[{"name":"wp","href":"https:\/\/api.w.org\/{rel}","templated":true}]}}