
{"id":1662,"date":"2009-10-07T19:57:44","date_gmt":"2009-10-07T18:57:44","guid":{"rendered":"http:\/\/elsa-fachinetti.fr\/blog\/?p=1662"},"modified":"2009-10-07T19:57:44","modified_gmt":"2009-10-07T18:57:44","slug":"grossesse-et-si-on-inversait-les-roles","status":"publish","type":"post","link":"http:\/\/elsa-fachinetti.fr\/blog\/grossesse-et-si-on-inversait-les-roles\/","title":{"rendered":"Grossesse : Et si on inversait les r\u00f4les ?"},"content":{"rendered":"<p><strong>\u00ab\u00a0Faut-il que les hommes soient enceintes pour que la contraception nous concerne tous ?\u00a0\u00bb<\/strong> C&rsquo;est avec ce slogan que l&rsquo;INPES s&rsquo;adresse aujourd&rsquo;hui aux 18-30 ans, avec la ferme intention de r\u00e9veiller leur conscience quant \u00e0 la contraception. Ceci accompagn\u00e9, bien s\u00fbr, d&rsquo;une campagne choc d&rsquo;images et de vid\u00e9os o\u00f9 ce sont <strong>les hommes qui se retrouvent confront\u00e9s \u00e0 une grossesse non d\u00e9sir\u00e9e<\/strong>.<br \/>\nVous ne serez donc pas surpris de voir, sur vos sites pr\u00e9f\u00e9r\u00e9s, les publicit\u00e9s pour la ligne de v\u00eatements \u00ab\u00a0Fred et Fils \u00a0\u00bb qui \u00ab\u00a0habille les hommes enceintes\u00a0\u00bb et ne penserez pas avoir une hallucination auditive lorsque vous entendrez \u00e0 la radio un jeune homme se plaignant d&rsquo;avoir dix jours de retard dans ses r\u00e8gles !<\/p>\n<p style=\"text-align: center;\"><img decoding=\"async\" loading=\"lazy\" class=\"aligncenter size-full wp-image-1663\" title=\"hommes enceintes INPES\" src=\"http:\/\/elsa-fachinetti.fr\/blog\/wp-content\/uploads\/2009\/10\/hommesenceintes.png\" alt=\"hommesenceintes\" width=\"579\" height=\"242\" srcset=\"http:\/\/elsa-fachinetti.fr\/blog\/wp-content\/uploads\/2009\/10\/hommesenceintes.png 804w, http:\/\/elsa-fachinetti.fr\/blog\/wp-content\/uploads\/2009\/10\/hommesenceintes-300x125.png 300w\" sizes=\"(max-width: 579px) 100vw, 579px\" \/><\/p>\n<p>L&rsquo;INPES souhaite \u00e9galement faire conna\u00eetre <a href=\"http:\/\/www.choisirsacontraception.fr\/\" target=\"_blank\">www.choisirsacontraception.fr<\/a>, qui vise \u00e0 informer chacun d&rsquo;entre nous sur les <strong>nombreux moyens de contraception<\/strong> mis \u00e0 notre disposition. Du pr\u00e9servatif masculin au st\u00e9rilet, en passant par la pilule ou les patches, il y a forc\u00e9ment une solution adapt\u00e9e ! D&rsquo;une fa\u00e7on g\u00e9n\u00e9rale, le site a pour but d&rsquo;\u00eatre une <strong>v\u00e9ritable source d&rsquo;informations<\/strong>&#8230; fiables.<\/p>\n<p>Une campagne d\u00e9cal\u00e9e et marquante pour sensibiliser les filles, mais aussi et surtout les gar\u00e7ons, afin que chacun <strong>assume ses actes et pense aux risques encourus<\/strong> lors d&rsquo;un rapport non prot\u00e9g\u00e9. Parce que beaucoup d&rsquo;hommes, jeunes ou moins jeunes, ont encore trop souvent tendance \u00e0 se d\u00e9charger de leurs responsabilit\u00e9s.<\/p>\n<p style=\"text-align: center;\"><object width=\"560\" height=\"340\" data=\"http:\/\/www.youtube.com\/v\/ZYDnRVasHiA&amp;hl=fr&amp;fs=1&amp;\" type=\"application\/x-shockwave-flash\"><param name=\"allowFullScreen\" value=\"true\" \/><param name=\"allowscriptaccess\" value=\"always\" \/><param name=\"src\" value=\"http:\/\/www.youtube.com\/v\/ZYDnRVasHiA&amp;hl=fr&amp;fs=1&amp;\" \/><param name=\"allowfullscreen\" value=\"true\" \/><\/object><\/p>\n<p style=\"text-align: center;\"><object width=\"560\" height=\"340\" data=\"http:\/\/www.youtube.com\/v\/WdzZeYu34Es&amp;hl=fr&amp;fs=1&amp;\" type=\"application\/x-shockwave-flash\"><param name=\"allowFullScreen\" value=\"true\" \/><param name=\"allowscriptaccess\" value=\"always\" \/><param name=\"src\" value=\"http:\/\/www.youtube.com\/v\/WdzZeYu34Es&amp;hl=fr&amp;fs=1&amp;\" \/><param name=\"allowfullscreen\" value=\"true\" \/><\/object><\/p>\n","protected":false},"excerpt":{"rendered":"\u00ab\u00a0Faut-il que les hommes soient enceintes pour que la contraception nous concerne tous ?\u00a0\u00bb C&rsquo;est avec ce slogan que l&rsquo;INPES s&rsquo;adresse aujourd&rsquo;hui aux \n<a class=\"moretag\" href=\"http:\/\/elsa-fachinetti.fr\/blog\/grossesse-et-si-on-inversait-les-roles\/\"> [...]<\/a>","protected":false},"author":1,"featured_media":0,"comment_status":"open","ping_status":"open","sticky":false,"template":"","format":"standard","meta":{"footnotes":"","_links_to":"","_links_to_target":""},"categories":[356],"tags":[328,234,227,180,184],"aioseo_notices":[],"_links":{"self":[{"href":"http:\/\/elsa-fachinetti.fr\/blog\/wp-json\/wp\/v2\/posts\/1662"}],"collection":[{"href":"http:\/\/elsa-fachinetti.fr\/blog\/wp-json\/wp\/v2\/posts"}],"about":[{"href":"http:\/\/elsa-fachinetti.fr\/blog\/wp-json\/wp\/v2\/types\/post"}],"author":[{"embeddable":true,"href":"http:\/\/elsa-fachinetti.fr\/blog\/wp-json\/wp\/v2\/users\/1"}],"replies":[{"embeddable":true,"href":"http:\/\/elsa-fachinetti.fr\/blog\/wp-json\/wp\/v2\/comments?post=1662"}],"version-history":[{"count":0,"href":"http:\/\/elsa-fachinetti.fr\/blog\/wp-json\/wp\/v2\/posts\/1662\/revisions"}],"wp:attachment":[{"href":"http:\/\/elsa-fachinetti.fr\/blog\/wp-json\/wp\/v2\/media?parent=1662"}],"wp:term":[{"taxonomy":"category","embeddable":true,"href":"http:\/\/elsa-fachinetti.fr\/blog\/wp-json\/wp\/v2\/categories?post=1662"},{"taxonomy":"post_tag","embeddable":true,"href":"http:\/\/elsa-fachinetti.fr\/blog\/wp-json\/wp\/v2\/tags?post=1662"}],"curies":[{"name":"wp","href":"https:\/\/api.w.org\/{rel}","templated":true}]}}