
{"id":1607,"date":"2009-09-24T20:22:35","date_gmt":"2009-09-24T19:22:35","guid":{"rendered":"http:\/\/elsa-fachinetti.fr\/blog\/?p=1607"},"modified":"2009-09-24T20:22:35","modified_gmt":"2009-09-24T19:22:35","slug":"de-vitra-a-bayeler","status":"publish","type":"post","link":"http:\/\/elsa-fachinetti.fr\/blog\/de-vitra-a-bayeler\/","title":{"rendered":"De Vitra \u00e0 Bayeler"},"content":{"rendered":"<p>Aujourd&rsquo;hui a \u00e9t\u00e9 une journ\u00e9e riche en d\u00e9couvertes ! Une partie des SRC de deuxi\u00e8me ann\u00e9e et les licences pro webdesign se sont rendues \u00e0 Weil Am Rhein, en Allemagne, afin de visiter l&rsquo;\u00e9tonnant <strong><a href=\"http:\/\/www.design-museum.de\/\" target=\"_blank\">mus\u00e9e Vitra<\/a>, antre du design<\/strong>. L&rsquo;excursion s&rsquo;est poursuivie \u00e0 la <strong><a href=\"http:\/\/www.beyeler.com\/fondation\/index_language.html\" target=\"_blank\">fondation Bayeler<\/a> de B\u00e2le<\/strong>, en Suisse, o\u00f9 se tenait une <strong>exposition sur le peintre\/sculpteur Alberto Giacometti<\/strong>.<\/p>\n<h2>Le mus\u00e9e Vitra<\/h2>\n<p>Parlons d&rsquo;abord de notre visite \u00e0 Vitra, de ses<strong> chaises toutes plus design les unes que les autres<\/strong> (dont les prix vont jusqu&rsquo;\u00e0 7000 euros) et de ses bureaux qui montent ou descendent pour s&rsquo;adapter \u00e0 votre taille et ce, sur simple pression d&rsquo;un bouton. \u00c7a fait r\u00eaver.<br \/>\nVenons-en ensuite \u00e0 cette <strong>dr\u00f4le de caserne de pompiers<\/strong>, situ\u00e9e sur le site m\u00eame de Vitra, qui a \u00e9t\u00e9 construite en 1993 par <strong>Zaha Hadid, une architecte d\u00e9constructiviste<\/strong>, \u00e0 la suite d&rsquo;un incendie ayant ravag\u00e9 la moiti\u00e9 du domaine. Une caserne toute en lignes droites et en murs pench\u00e9s qui n&rsquo;a pas beaucoup plu aux soldats du feu : elle a \u00e9t\u00e9 <strong>d\u00e9saffect\u00e9e deux ans apr\u00e8s sa construction<\/strong>. On peut le comprendre : ses couleurs froides et ses textures en m\u00e9tal et b\u00e9ton, en plus de ses fondations obliques, rendaient l&rsquo;<strong>endroit assez inhospitalier<\/strong>.<\/p>\n<p style=\"text-align:center\"><a href=\"http:\/\/elsa-fachinetti.fr\/blog\/wp-content\/uploads\/2009\/09\/vitra.jpg\" target=\"_blank\"><img decoding=\"async\" loading=\"lazy\" class=\"aligncenter size-medium wp-image-1608\" title=\"caserne vitra\" src=\"http:\/\/elsa-fachinetti.fr\/blog\/wp-content\/uploads\/2009\/09\/vitra-300x157.jpg\" alt=\"caserne vitra\" width=\"352\" height=\"183\" \/><\/a><\/p>\n<p style=\"text-align:center\"><a href=\"http:\/\/elsa-fachinetti.fr\/blog\/wp-content\/uploads\/2009\/09\/caserne-int2.jpg\" target=\"_blank\"><img decoding=\"async\" loading=\"lazy\" class=\"aligncenter size-medium wp-image-1615\" title=\"caserne-int2\" src=\"http:\/\/elsa-fachinetti.fr\/blog\/wp-content\/uploads\/2009\/09\/caserne-int2-300x210.jpg\" alt=\"caserne-int2\" width=\"352\" height=\"245\" srcset=\"http:\/\/elsa-fachinetti.fr\/blog\/wp-content\/uploads\/2009\/09\/caserne-int2-300x210.jpg 300w, http:\/\/elsa-fachinetti.fr\/blog\/wp-content\/uploads\/2009\/09\/caserne-int2.jpg 600w\" sizes=\"(max-width: 352px) 100vw, 352px\" \/><\/a><\/p>\n<p>Petit tour ensuite dans le mus\u00e9e en lui-m\u00eame, o\u00f9 prend place une <strong>foule d&rsquo;objets totalement inattendus et issus pour beaucoup du recyclage<\/strong>. On notera par exemple ce superbe canap\u00e9 en peluche, cette amusante chaise en papier-bulles, ou encore ce dr\u00f4le de fauteuil en&#8230; poup\u00e9es de chiffons.<\/p>\n<h2>La fondation Bayeler<\/h2>\n<p>Le mus\u00e9e de la <strong>fondation Bayeler<\/strong> est quant \u00e0 lui bien diff\u00e9rent. Pr\u00e9sentant actuellement une exposition sur Alberto Giacometti, il m&rsquo;a permis de d\u00e9couvrir un peu cet artiste que je connaissais surtout de nom. Au programme, q<strong>uelques superbes toiles, dont \u00ab\u00a0Le bar Olympia\u00a0\u00bb<\/strong>(voir plus bas), qui m&rsquo;a totalement scotch\u00e9e, ainsi que de nombreuses sculptures filiformes en cuivre, si fines qu&rsquo;elles semblaient pr\u00eates \u00e0 se briser.<\/p>\n<p style=\"text-align:center\"><a href=\"http:\/\/elsa-fachinetti.fr\/blog\/wp-content\/uploads\/2009\/09\/dscf3438.jpg\" target=\"_blank\"><img decoding=\"async\" loading=\"lazy\" class=\"size-medium wp-image-1630\" title=\"La fondation Bayeler\" src=\"http:\/\/elsa-fachinetti.fr\/blog\/wp-content\/uploads\/2009\/09\/dscf3438-300x225.jpg\" alt=\"La fondation Bayeler\" width=\"300\" height=\"225\" srcset=\"http:\/\/elsa-fachinetti.fr\/blog\/wp-content\/uploads\/2009\/09\/dscf3438-300x225.jpg 300w, http:\/\/elsa-fachinetti.fr\/blog\/wp-content\/uploads\/2009\/09\/dscf3438.jpg 800w\" sizes=\"(max-width: 300px) 100vw, 300px\" \/><\/a><\/p>\n<p style=\"text-align:center\"><a href=\"http:\/\/elsa-fachinetti.fr\/blog\/wp-content\/uploads\/2009\/09\/bar-olympia.jpg\" target=\"_blank\"><img decoding=\"async\" loading=\"lazy\" class=\"aligncenter size-medium wp-image-1626\" title=\"Le bar Olympia\" src=\"http:\/\/elsa-fachinetti.fr\/blog\/wp-content\/uploads\/2009\/09\/bar-olympia-300x227.jpg\" alt=\"bar-olympia\" width=\"300\" height=\"227\" srcset=\"http:\/\/elsa-fachinetti.fr\/blog\/wp-content\/uploads\/2009\/09\/bar-olympia-300x227.jpg 300w, http:\/\/elsa-fachinetti.fr\/blog\/wp-content\/uploads\/2009\/09\/bar-olympia.jpg 800w\" sizes=\"(max-width: 300px) 100vw, 300px\" \/><\/a><\/p>\n<p style=\"text-align:center\"><a href=\"http:\/\/elsa-fachinetti.fr\/blog\/wp-content\/uploads\/2009\/09\/giacometti-place.jpg\" target=\"_blank\"><img decoding=\"async\" loading=\"lazy\" class=\"aligncenter size-medium wp-image-1628\" title=\"giacometti- La place\" src=\"http:\/\/elsa-fachinetti.fr\/blog\/wp-content\/uploads\/2009\/09\/giacometti-place-300x154.jpg\" alt=\"giacometti-place\" width=\"300\" height=\"154\" srcset=\"http:\/\/elsa-fachinetti.fr\/blog\/wp-content\/uploads\/2009\/09\/giacometti-place-300x154.jpg 300w, http:\/\/elsa-fachinetti.fr\/blog\/wp-content\/uploads\/2009\/09\/giacometti-place.jpg 574w\" sizes=\"(max-width: 300px) 100vw, 300px\" \/><\/a><\/p>\n<p>Cela a aussi \u00e9t\u00e9 l&rsquo;occasion pour moi de voir pour la premi\u00e8re de fois d&rsquo;<strong>authentiques toiles de Picasso, Matisse, Monet ou Cezanne<\/strong>, pour ne citer qu&rsquo;eux. L&rsquo;ext\u00e9rieur de la fondation nous a \u00e9galement offert quelques constructions modernes, telles que \u00ab\u00a0The Tree\u00a0\u00bb&#8230;<\/p>\n<p style=\"text-align:center\"><a href=\"http:\/\/elsa-fachinetti.fr\/blog\/wp-content\/uploads\/2009\/09\/dscf3431.jpg\" target=\"_blank\"><img decoding=\"async\" loading=\"lazy\" class=\"aligncenter size-medium wp-image-1634\" title=\"The Tree\" src=\"http:\/\/elsa-fachinetti.fr\/blog\/wp-content\/uploads\/2009\/09\/dscf3431-300x225.jpg\" alt=\"dscf3431\" width=\"300\" height=\"225\" srcset=\"http:\/\/elsa-fachinetti.fr\/blog\/wp-content\/uploads\/2009\/09\/dscf3431-300x225.jpg 300w, http:\/\/elsa-fachinetti.fr\/blog\/wp-content\/uploads\/2009\/09\/dscf3431.jpg 800w\" sizes=\"(max-width: 300px) 100vw, 300px\" \/><\/a><\/p>\n<p>En r\u00e9sum\u00e9, une excellente journ\u00e9e \u00e0 laquelle je suis contente d&rsquo;avoir pris part. Dommage que la <strong>visite du <a href=\"www.kunstmuseumbasel.ch\" target=\"_blank\">Kunstmuseum<\/a> de B\u00e2le et de son exposition d\u00e9di\u00e9e \u00e0 Van Gogh aient d\u00fb \u00eatre annul\u00e9es<\/strong> en raison d&rsquo;un prix d&rsquo;entr\u00e9e trop \u00e9lev\u00e9. Mais ce n&rsquo;est que partie remise !<\/p>\n<p>Ah oui, pour finir, petit coup de gueule contre Orange : j&rsquo;aimerais arr\u00eater de recevoir 8 SMS de pubs \u00e0 chaque fois que je passe la fronti\u00e8re.<\/p>\n","protected":false},"excerpt":{"rendered":"Aujourd&rsquo;hui a \u00e9t\u00e9 une journ\u00e9e riche en d\u00e9couvertes ! Une partie des SRC de deuxi\u00e8me ann\u00e9e et les licences pro webdesign se sont \n<a class=\"moretag\" href=\"http:\/\/elsa-fachinetti.fr\/blog\/de-vitra-a-bayeler\/\"> [...]<\/a>","protected":false},"author":1,"featured_media":0,"comment_status":"open","ping_status":"open","sticky":false,"template":"","format":"standard","meta":{"footnotes":"","_links_to":"","_links_to_target":""},"categories":[13],"tags":[33,327],"aioseo_notices":[],"_links":{"self":[{"href":"http:\/\/elsa-fachinetti.fr\/blog\/wp-json\/wp\/v2\/posts\/1607"}],"collection":[{"href":"http:\/\/elsa-fachinetti.fr\/blog\/wp-json\/wp\/v2\/posts"}],"about":[{"href":"http:\/\/elsa-fachinetti.fr\/blog\/wp-json\/wp\/v2\/types\/post"}],"author":[{"embeddable":true,"href":"http:\/\/elsa-fachinetti.fr\/blog\/wp-json\/wp\/v2\/users\/1"}],"replies":[{"embeddable":true,"href":"http:\/\/elsa-fachinetti.fr\/blog\/wp-json\/wp\/v2\/comments?post=1607"}],"version-history":[{"count":0,"href":"http:\/\/elsa-fachinetti.fr\/blog\/wp-json\/wp\/v2\/posts\/1607\/revisions"}],"wp:attachment":[{"href":"http:\/\/elsa-fachinetti.fr\/blog\/wp-json\/wp\/v2\/media?parent=1607"}],"wp:term":[{"taxonomy":"category","embeddable":true,"href":"http:\/\/elsa-fachinetti.fr\/blog\/wp-json\/wp\/v2\/categories?post=1607"},{"taxonomy":"post_tag","embeddable":true,"href":"http:\/\/elsa-fachinetti.fr\/blog\/wp-json\/wp\/v2\/tags?post=1607"}],"curies":[{"name":"wp","href":"https:\/\/api.w.org\/{rel}","templated":true}]}}