
{"id":150,"date":"2009-03-28T14:03:20","date_gmt":"2009-03-28T12:03:20","guid":{"rendered":"http:\/\/elsa-fachinetti.fr\/blog\/?p=150"},"modified":"2009-03-28T14:03:20","modified_gmt":"2009-03-28T12:03:20","slug":"coraline-le-nouveau-film-du-realisateur-de-letrange-noel-de-mr-jack","status":"publish","type":"post","link":"http:\/\/elsa-fachinetti.fr\/blog\/coraline-le-nouveau-film-du-realisateur-de-letrange-noel-de-mr-jack\/","title":{"rendered":"\u00ab\u00a0Coraline\u00a0\u00bb, le nouveau film du r\u00e9alisateur de \u00ab\u00a0L&rsquo;\u00e9trange no\u00ebl de Mr Jack\u00a0\u00bb"},"content":{"rendered":"<p><a href=\"http:\/\/www.allocine.fr\/personne\/fichepersonne_gen_cpersonne=19662.html\">Henry Selick<\/a>, r\u00e9alisateur de <strong>\u00ab\u00a0L&rsquo;\u00e9trange No\u00ebl de Monsieur Jack\u00a0\u00bb<\/strong> en 1993, revient le<strong> 10 juin 2009<\/strong> avec un tout nouveau film d&rsquo;animation intitul\u00e9 \u00ab\u00a0Coraline\u00a0\u00bb. Ce long-m\u00e9trage a \u00e9t\u00e9 r\u00e9alis\u00e9 en <strong>stop motion<\/strong>, c&rsquo;est-\u00e0-dire image par image. Cette technique permet de recr\u00e9er un mouvement \u00e0 partir d&rsquo;une sc\u00e8ne fixe.<\/p>\n<p>\u00ab\u00a0<strong>Coraline<\/strong>\u00ab\u00a0, c&rsquo;est l&rsquo;histoire d&rsquo;une petit fille qui trouve sa vie bien ennuyeuse. De plus, ses parents, tr\u00e8s pris par leur travail, n&rsquo;ont pas vraiment le temps de s&rsquo;occuper d&rsquo;elle.<strong> Un jour, elle d\u00e9couvre une porte secr\u00e8te<\/strong> au sein m\u00eame de sa propre maison. Rong\u00e9e par la curiosit\u00e9, elle saisit l&rsquo;occasion de rendre sa vie un peu plus palpitante et pousse cette fameuse porte.<\/p>\n<p>Au grand \u00e9tonnement de Coraline, ce qui se trouve derri\u00e8re est une <strong>r\u00e9plique exacte de son monde<\/strong>&#8230; sauf que tout y bien mieux. En apparence en tout cas. En effet, la fillette apprendra vite \u00e0 ses d\u00e9pends que ce monde n&rsquo;est pas meilleur que celui qu&rsquo;elle a quitt\u00e9&#8230;<\/p>\n<p style=\"text-align:center\"><object width=\"425\" height=\"344\" data=\"http:\/\/www.youtube.com\/v\/VfLVSWmhBgw&amp;hl=fr&amp;fs=1&amp;type=\"application\/x-shockwave-flash\"><param name=\"allowFullScreen\" value=\"true\" \/><param name=\"allowscriptaccess\" value=\"always\" \/><param name=\"src\" value=\"http:\/\/www.youtube.com\/v\/VfLVSWmhBgw&amp;hl=fr&amp;fs=1&amp;\/><param name=\"allowfullscreen\" value=\"true\" \/><\/object><\/p>\n<p>A l&rsquo;origine, \u00ab\u00a0Coraline\u00a0\u00bb est un <strong>conte noir<\/strong> de l&rsquo;\u00e9crivain anglais <strong>Neil Gaiman<\/strong> publi\u00e9 en 2002 et sorti en fran\u00e7ais en 2003. <strong>Il a remport\u00e9 de nombreux prix<\/strong>, tels que\u00a0 \u00ab\u00a0le Prix Hugo 2003 du meilleur roman court\u00a0\u00bb, \u00ab\u00a0le Prix Nebula 2003 pour le meilleur roman\u00a0\u00bb et \u00ab\u00a0le Prix Bram Stoker de la meilleure oeuvre pour les jeunes lecteurs\u00a0\u00bb.<\/p>\n","protected":false},"excerpt":{"rendered":"Henry Selick, r\u00e9alisateur de \u00ab\u00a0L&rsquo;\u00e9trange No\u00ebl de Monsieur Jack\u00a0\u00bb en 1993, revient le 10 juin 2009 avec un tout nouveau film d&rsquo;animation intitul\u00e9 \n<a class=\"moretag\" href=\"http:\/\/elsa-fachinetti.fr\/blog\/coraline-le-nouveau-film-du-realisateur-de-letrange-noel-de-mr-jack\/\"> [...]<\/a>","protected":false},"author":1,"featured_media":0,"comment_status":"open","ping_status":"open","sticky":false,"template":"","format":"standard","meta":{"footnotes":"","_links_to":"","_links_to_target":""},"categories":[245],"tags":[30,37,54,169],"aioseo_notices":[],"_links":{"self":[{"href":"http:\/\/elsa-fachinetti.fr\/blog\/wp-json\/wp\/v2\/posts\/150"}],"collection":[{"href":"http:\/\/elsa-fachinetti.fr\/blog\/wp-json\/wp\/v2\/posts"}],"about":[{"href":"http:\/\/elsa-fachinetti.fr\/blog\/wp-json\/wp\/v2\/types\/post"}],"author":[{"embeddable":true,"href":"http:\/\/elsa-fachinetti.fr\/blog\/wp-json\/wp\/v2\/users\/1"}],"replies":[{"embeddable":true,"href":"http:\/\/elsa-fachinetti.fr\/blog\/wp-json\/wp\/v2\/comments?post=150"}],"version-history":[{"count":0,"href":"http:\/\/elsa-fachinetti.fr\/blog\/wp-json\/wp\/v2\/posts\/150\/revisions"}],"wp:attachment":[{"href":"http:\/\/elsa-fachinetti.fr\/blog\/wp-json\/wp\/v2\/media?parent=150"}],"wp:term":[{"taxonomy":"category","embeddable":true,"href":"http:\/\/elsa-fachinetti.fr\/blog\/wp-json\/wp\/v2\/categories?post=150"},{"taxonomy":"post_tag","embeddable":true,"href":"http:\/\/elsa-fachinetti.fr\/blog\/wp-json\/wp\/v2\/tags?post=150"}],"curies":[{"name":"wp","href":"https:\/\/api.w.org\/{rel}","templated":true}]}}