
{"id":1177,"date":"2009-06-22T16:11:37","date_gmt":"2009-06-22T15:11:37","guid":{"rendered":"http:\/\/elsa-fachinetti.fr\/blog\/?p=1177"},"modified":"2009-06-22T16:11:37","modified_gmt":"2009-06-22T15:11:37","slug":"de-retour-de-chambery","status":"publish","type":"post","link":"http:\/\/elsa-fachinetti.fr\/blog\/de-retour-de-chambery\/","title":{"rendered":"\u201cChamb\u00e9, c\u2019\u00e9tait chanm\u00e9 !\u201d (Promis, je ferai mieux la prochaine fois)"},"content":{"rendered":"<p>Voil\u00e0 un week end bien sympatique ! Apr\u00e8s notre <a href=\"http:\/\/elsa-fachinetti.fr\/blog\/2009\/06\/soutenance-finale-j-1\/\" target=\"_blank\">soutenance<\/a> pr\u00e9sentant le site cr\u00e9\u00e9 pour le r\u00e9seau associatif <a href=\"http:\/\/www.reseau-madagascar-savoie.org\" target=\"_blank\">r\u00e9seau Madagascar des Savoie<\/a>,<strong> Simon, Pauline et moi nous sommes rendus \u00e0 Chamb\u00e9ry (avec Brice, qui tenait \u00e0 venir aussi)<\/strong> pour le remettre aux commanditaires et leur expliquer son fonctionnement lors d&rsquo;une<strong> journ\u00e9e de formation<\/strong>. L&rsquo;occasion pour nous de faire <strong>un peu de tourisme<\/strong> ! Personnellement, je n&rsquo;avais jamais mis les pieds en Savoie, et je n&rsquo;ai pas \u00e9t\u00e9 d\u00e9\u00e7ue !\u00a0 Voil\u00e0 un petit r\u00e9sum\u00e9 du week end&#8230;<\/p>\n<p><!--more--><\/p>\n<h2>Vendredi<\/h2>\n<p>Apr\u00e8s un aller sans probl\u00e8me, nous voil\u00e0 \u00e0 Chamb\u00e9ry ! <strong>Nous devons retrouver notre commanditaire au conseil g\u00e9n\u00e9ral pour faire un calage technique et pr\u00e9parer la journ\u00e9e de formation du lendemain.<\/strong> Apr\u00e8s \u00e7a, petit tour du centre ville avec deux de nos commanditaires qui nous servent de guides. Dommage que le soleil face soudain place \u00e0 la pluie&#8230; Je ne vous emb\u00eaterai pas avec les dizaines de photos de monuments en tous genres, en voil\u00e0 juste une montrant la <strong>statue des \u00c9l\u00e9phants, <\/strong>appel\u00e9e aussi les \u00ab\u00a0quatre sans culs\u00a0\u00bb &#8211; joli jeu de mots -, assez connue.<\/p>\n<p><img decoding=\"async\" loading=\"lazy\" class=\"aligncenter size-full wp-image-1178\" title=\"dscf1898\" src=\"http:\/\/elsa-fachinetti.fr\/blog\/wp-content\/uploads\/2009\/06\/dscf1898.jpg\" alt=\"Chambery\" width=\"300\" height=\"400\" srcset=\"http:\/\/elsa-fachinetti.fr\/blog\/wp-content\/uploads\/2009\/06\/dscf1898.jpg 300w, http:\/\/elsa-fachinetti.fr\/blog\/wp-content\/uploads\/2009\/06\/dscf1898-225x300.jpg 225w\" sizes=\"(max-width: 300px) 100vw, 300px\" \/><\/p>\n<p>Ce qui est int\u00e9ressant \u00e0 Chambery, c&rsquo;est son <strong>aspect moyen-\u00e2geux<\/strong> : ruelles pav\u00e9es et \u00e9troites, galeries et tunnels&#8230; C&rsquo;est assez impressionnant.<\/p>\n<p><img decoding=\"async\" loading=\"lazy\" class=\"aligncenter size-full wp-image-1184\" title=\"Chambery\" src=\"http:\/\/elsa-fachinetti.fr\/blog\/wp-content\/uploads\/2009\/06\/sans-titre-1.png\" alt=\"Chambery\" width=\"600\" height=\"400\" srcset=\"http:\/\/elsa-fachinetti.fr\/blog\/wp-content\/uploads\/2009\/06\/sans-titre-1.png 600w, http:\/\/elsa-fachinetti.fr\/blog\/wp-content\/uploads\/2009\/06\/sans-titre-1-300x200.png 300w\" sizes=\"(max-width: 600px) 100vw, 600px\" \/><\/p>\n<p>Apr\u00e8s \u00e7a, <strong>petite soir\u00e9e au resto<\/strong>, et retour \u00e0 l&rsquo;h\u00f4tel pour une nuit&#8230; bruyante. Pas de chance pour moi, un groupe d&rsquo;amis a d\u00e9cid\u00e9 de f\u00eater un enterrement de vie de jeune fille juste sous ma fen\u00eatre sans double-vitrage. Je les ai donc entendu chanter un bon moment : \u00ab\u00a0On n&rsquo;est pas fatigu\u00e9s\u00a0\u00bb alors que si, moi, j&rsquo;ETAIS fatigu\u00e9e.<\/p>\n<h2>Samedi<\/h2>\n<p>Aujourd&rsquo;hui, <strong>nous devons rencontrer quelques uns de nos commanditaires<\/strong> pour leur apprendre \u00e0 se servir du site, sachant que certains ne sont pas du tout habitu\u00e9s \u00e0 utiliser un ordinateur.<br \/>\nNous arrivons \u00e0 9h devant le portail du conseil g\u00e9n\u00e9ral qui est&#8230; ferm\u00e9. Oblig\u00e9s de faire le tour pour atteindre une autre entr\u00e9e, nous en profitons pour prendre quelques photos.<\/p>\n<figure id=\"attachment_1186\" aria-describedby=\"caption-attachment-1186\" style=\"width: 300px\" class=\"wp-caption aligncenter\"><img decoding=\"async\" loading=\"lazy\" class=\"size-full wp-image-1186\" title=\"Chambery\" src=\"http:\/\/elsa-fachinetti.fr\/blog\/wp-content\/uploads\/2009\/06\/dscf1934.jpg\" alt=\"Brice et Simon ont l'air r\u00e9joui.\" width=\"300\" height=\"400\" srcset=\"http:\/\/elsa-fachinetti.fr\/blog\/wp-content\/uploads\/2009\/06\/dscf1934.jpg 300w, http:\/\/elsa-fachinetti.fr\/blog\/wp-content\/uploads\/2009\/06\/dscf1934-225x300.jpg 225w\" sizes=\"(max-width: 300px) 100vw, 300px\" \/><figcaption id=\"caption-attachment-1186\" class=\"wp-caption-text\">Brice et Simon ont l&#39;air r\u00e9joui.<\/figcaption><\/figure>\n<p style=\"text-align:center\">\n<figure id=\"attachment_1188\" aria-describedby=\"caption-attachment-1188\" style=\"width: 400px\" class=\"wp-caption aligncenter\"><a href=\"http:\/\/www.dailymotion.com\/user\/mandarine025\/video\/x9mz86_brice-retombe-en-enfance_sport\"><img decoding=\"async\" loading=\"lazy\" class=\"size-full wp-image-1188\" title=\"Chambery\" src=\"http:\/\/elsa-fachinetti.fr\/blog\/wp-content\/uploads\/2009\/06\/dscf1944.jpg\" alt=\"Allez Brice, fais-toi plaisir... (Cliquer pour voir la vid\u00e9o)\" width=\"400\" height=\"300\" srcset=\"http:\/\/elsa-fachinetti.fr\/blog\/wp-content\/uploads\/2009\/06\/dscf1944.jpg 400w, http:\/\/elsa-fachinetti.fr\/blog\/wp-content\/uploads\/2009\/06\/dscf1944-300x225.jpg 300w\" sizes=\"(max-width: 400px) 100vw, 400px\" \/><\/a><figcaption id=\"caption-attachment-1188\" class=\"wp-caption-text\">Allez Brice, fais-toi plaisir... (Cliquer pour voir la vid\u00e9o)<\/figcaption><\/figure>\n<p>Pour les curieux, <strong>voil\u00e0 le b\u00e2timent du conseil g\u00e9n\u00e9ra<\/strong>l&#8230; Pas mal, non ?<\/p>\n<p><img decoding=\"async\" loading=\"lazy\" class=\"aligncenter size-full wp-image-1191\" title=\"conseil g\u00e9n\u00e9ral Chambery\" src=\"http:\/\/elsa-fachinetti.fr\/blog\/wp-content\/uploads\/2009\/06\/dscf1948.jpg\" alt=\"conseil g\u00e9n\u00e9ral Chambery\" width=\"400\" height=\"300\" srcset=\"http:\/\/elsa-fachinetti.fr\/blog\/wp-content\/uploads\/2009\/06\/dscf1948.jpg 400w, http:\/\/elsa-fachinetti.fr\/blog\/wp-content\/uploads\/2009\/06\/dscf1948-300x225.jpg 300w\" sizes=\"(max-width: 400px) 100vw, 400px\" \/><\/p>\n<p>Apr\u00e8s avoir tourn\u00e9 un moment, nous parvenons enfin \u00e0 entrer. <strong>Nous allons faire notre pr\u00e9sentation dans cette salle <\/strong>:<br \/>\n<img decoding=\"async\" loading=\"lazy\" class=\"aligncenter size-full wp-image-1192\" title=\"conseil g\u00e9n\u00e9ral chambery\" src=\"http:\/\/elsa-fachinetti.fr\/blog\/wp-content\/uploads\/2009\/06\/dscf2024.jpg\" alt=\"conseil g\u00e9n\u00e9ral chambery\" width=\"400\" height=\"300\" srcset=\"http:\/\/elsa-fachinetti.fr\/blog\/wp-content\/uploads\/2009\/06\/dscf2024.jpg 400w, http:\/\/elsa-fachinetti.fr\/blog\/wp-content\/uploads\/2009\/06\/dscf2024-300x225.jpg 300w\" sizes=\"(max-width: 400px) 100vw, 400px\" \/><\/p>\n<figure id=\"attachment_1193\" aria-describedby=\"caption-attachment-1193\" style=\"width: 300px\" class=\"wp-caption aligncenter\"><img decoding=\"async\" loading=\"lazy\" class=\"size-full wp-image-1193\" title=\"simon\" src=\"http:\/\/elsa-fachinetti.fr\/blog\/wp-content\/uploads\/2009\/06\/dscf2023.jpg\" alt=\"Simon est concentr\u00e9...\" width=\"300\" height=\"400\" srcset=\"http:\/\/elsa-fachinetti.fr\/blog\/wp-content\/uploads\/2009\/06\/dscf2023.jpg 300w, http:\/\/elsa-fachinetti.fr\/blog\/wp-content\/uploads\/2009\/06\/dscf2023-225x300.jpg 225w\" sizes=\"(max-width: 300px) 100vw, 300px\" \/><figcaption id=\"caption-attachment-1193\" class=\"wp-caption-text\">Simon est concentr\u00e9...<\/figcaption><\/figure>\n<figure id=\"attachment_1194\" aria-describedby=\"caption-attachment-1194\" style=\"width: 400px\" class=\"wp-caption aligncenter\"><img decoding=\"async\" loading=\"lazy\" class=\"size-full wp-image-1194\" title=\"conseil g\u00e9n\u00e9ral\" src=\"http:\/\/elsa-fachinetti.fr\/blog\/wp-content\/uploads\/2009\/06\/dscf2026.jpg\" alt=\"conseil g\u00e9n\u00e9ral\" width=\"400\" height=\"300\" srcset=\"http:\/\/elsa-fachinetti.fr\/blog\/wp-content\/uploads\/2009\/06\/dscf2026.jpg 400w, http:\/\/elsa-fachinetti.fr\/blog\/wp-content\/uploads\/2009\/06\/dscf2026-300x225.jpg 300w\" sizes=\"(max-width: 400px) 100vw, 400px\" \/><figcaption id=\"caption-attachment-1194\" class=\"wp-caption-text\">Brice essaie de ne PAS appara\u00eetre sur la photo. Si si...<\/figcaption><\/figure>\n<p>Vers 13h, nous d\u00e9cidons de prendre une pause et partons tous dans un <strong>resto du centre ville<\/strong>. Il y a une bonne ambiance et, comme c&rsquo;est la<strong> f\u00eate de la musique, nous avons m\u00eame droit \u00e0 un <a href=\"http:\/\/www.dailymotion.com\/user\/mandarine025\/video\/x9njll_petit-concert-de-cornemuse_music\" target=\"_blank\">petit concert de cornemuse<\/a><\/strong>. Quant \u00e0 Simon, il nous prouve qu&rsquo;il ne tient pas l&rsquo;alcool : (un jeu de mot nul s&rsquo;est gliss\u00e9 dans cette phrase)<br \/>\n<img decoding=\"async\" loading=\"lazy\" class=\"aligncenter size-full wp-image-1199\" title=\"Simon\" src=\"http:\/\/elsa-fachinetti.fr\/blog\/wp-content\/uploads\/2009\/06\/dscf1988.jpg\" alt=\"Simon\" width=\"300\" height=\"400\" srcset=\"http:\/\/elsa-fachinetti.fr\/blog\/wp-content\/uploads\/2009\/06\/dscf1988.jpg 300w, http:\/\/elsa-fachinetti.fr\/blog\/wp-content\/uploads\/2009\/06\/dscf1988-225x300.jpg 225w\" sizes=\"(max-width: 300px) 100vw, 300px\" \/><\/p>\n<p>Apr\u00e8s notre pr\u00e9sentation, vers 17h, nous d\u00e9cidons de retourner un peu \u00e0 l&rsquo;h\u00f4tel jusqu&rsquo;au soir. Apr\u00e8s une splendide bataille d&rsquo;oreillers, nous profitons de la <a href=\"http:\/\/www.dailymotion.com\/mandarine025\/video\/16215123\" target=\"_blank\">f\u00eate de la musique depuis ma chambre<\/a>, tout en&#8230; ne faisant rien.<br \/>\n<img decoding=\"async\" loading=\"lazy\" class=\"aligncenter size-full wp-image-1200\" title=\"simon, brice et pauline\" src=\"http:\/\/elsa-fachinetti.fr\/blog\/wp-content\/uploads\/2009\/06\/dscf2032.jpg\" alt=\"simon, brice et pauline\" width=\"400\" height=\"300\" srcset=\"http:\/\/elsa-fachinetti.fr\/blog\/wp-content\/uploads\/2009\/06\/dscf2032.jpg 400w, http:\/\/elsa-fachinetti.fr\/blog\/wp-content\/uploads\/2009\/06\/dscf2032-300x225.jpg 300w\" sizes=\"(max-width: 400px) 100vw, 400px\" \/><\/p>\n<figure id=\"attachment_1201\" aria-describedby=\"caption-attachment-1201\" style=\"width: 400px\" class=\"wp-caption aligncenter\"><img decoding=\"async\" loading=\"lazy\" class=\"size-full wp-image-1201\" title=\"Simon et Brice\" src=\"http:\/\/elsa-fachinetti.fr\/blog\/wp-content\/uploads\/2009\/06\/dscf2041.jpg\" alt=\"Une souris d'ordinateur peut les amuser pendant des heures...\" width=\"400\" height=\"300\" srcset=\"http:\/\/elsa-fachinetti.fr\/blog\/wp-content\/uploads\/2009\/06\/dscf2041.jpg 400w, http:\/\/elsa-fachinetti.fr\/blog\/wp-content\/uploads\/2009\/06\/dscf2041-300x225.jpg 300w\" sizes=\"(max-width: 400px) 100vw, 400px\" \/><figcaption id=\"caption-attachment-1201\" class=\"wp-caption-text\">Une souris d&#39;ordinateur peut les amuser pendant des heures...<\/figcaption><\/figure>\n<p>Vers 21h30, la faim se fait sentir. Nous d\u00e9cidons donc d&rsquo;\u00eatre courageux et de sortir dans la foule qui a envahi les rues du centre ville de Chamb\u00e9ry. Rien \u00e0 dire, <strong>la ville est au moins aussi jolie la nuit que le jour.<\/strong><br \/>\n<img decoding=\"async\" loading=\"lazy\" class=\"aligncenter size-full wp-image-1203\" title=\"chambery\" src=\"http:\/\/elsa-fachinetti.fr\/blog\/wp-content\/uploads\/2009\/06\/dscf2045.jpg\" alt=\"chambery\" width=\"400\" height=\"300\" srcset=\"http:\/\/elsa-fachinetti.fr\/blog\/wp-content\/uploads\/2009\/06\/dscf2045.jpg 400w, http:\/\/elsa-fachinetti.fr\/blog\/wp-content\/uploads\/2009\/06\/dscf2045-300x225.jpg 300w\" sizes=\"(max-width: 400px) 100vw, 400px\" \/><\/p>\n<p>Une fois encore, nous nous arr\u00eatons dans un resto. L&rsquo;occasion de reprendre quelques photos&#8230; (Celle-ci est de Simon)<br \/>\n<img decoding=\"async\" loading=\"lazy\" class=\"aligncenter size-full wp-image-1204\" title=\"resto chamb\u00e9ry\" src=\"http:\/\/elsa-fachinetti.fr\/blog\/wp-content\/uploads\/2009\/06\/imgp0092.jpg\" alt=\"resto chamb\u00e9ry\" width=\"400\" height=\"300\" srcset=\"http:\/\/elsa-fachinetti.fr\/blog\/wp-content\/uploads\/2009\/06\/imgp0092.jpg 400w, http:\/\/elsa-fachinetti.fr\/blog\/wp-content\/uploads\/2009\/06\/imgp0092-300x225.jpg 300w\" sizes=\"(max-width: 400px) 100vw, 400px\" \/><\/p>\n<h2>Dimanche<\/h2>\n<p>C&rsquo;est l&rsquo;heure du d\u00e9part ! Avant de rentrer chez nous, <strong>nous d\u00e9cidons de faire un d\u00e9tour par Annecy<\/strong>. A part Pauline, aucun d&rsquo;entre nous n&rsquo;a vu le lac, et il serait b\u00eate de rater cette occasion alors qu&rsquo;on passe juste \u00e0 cot\u00e9. Apr\u00e8s une petite heure de route, nous y voil\u00e0 enfin. Et que dire, <strong>sinon que le paysage est encore plus beau que ce \u00e0 quoi je m&rsquo;attendais&#8230;<\/strong><br \/>\n<img decoding=\"async\" loading=\"lazy\" class=\"aligncenter size-full wp-image-1206\" title=\"lac d'annecy\" src=\"http:\/\/elsa-fachinetti.fr\/blog\/wp-content\/uploads\/2009\/06\/dscf2067.jpg\" alt=\"lac d'annecy\" width=\"400\" height=\"300\" srcset=\"http:\/\/elsa-fachinetti.fr\/blog\/wp-content\/uploads\/2009\/06\/dscf2067.jpg 400w, http:\/\/elsa-fachinetti.fr\/blog\/wp-content\/uploads\/2009\/06\/dscf2067-300x225.jpg 300w\" sizes=\"(max-width: 400px) 100vw, 400px\" \/><img decoding=\"async\" loading=\"lazy\" class=\"aligncenter size-full wp-image-1207\" title=\"lac d'annecy\" src=\"http:\/\/elsa-fachinetti.fr\/blog\/wp-content\/uploads\/2009\/06\/dscf2075.jpg\" alt=\"lac d'annecy\" width=\"400\" height=\"300\" srcset=\"http:\/\/elsa-fachinetti.fr\/blog\/wp-content\/uploads\/2009\/06\/dscf2075.jpg 400w, http:\/\/elsa-fachinetti.fr\/blog\/wp-content\/uploads\/2009\/06\/dscf2075-300x225.jpg 300w\" sizes=\"(max-width: 400px) 100vw, 400px\" \/><\/p>\n<p>Les p\u00e9dalos nous tendant les bras, nous ne r\u00e9sistons pas \u00e0 l&rsquo;envie de faire un petit tour sur le lac !<\/p>\n<figure id=\"attachment_1209\" aria-describedby=\"caption-attachment-1209\" style=\"width: 300px\" class=\"wp-caption aligncenter\"><a href=\"http:\/\/www.dailymotion.com\/user\/mandarine025\/video\/x9ni74_pedalo-sur-le-lac-dannecy_travel\"><img decoding=\"async\" loading=\"lazy\" class=\"size-full wp-image-1209\" title=\"pauline elsa\" src=\"http:\/\/elsa-fachinetti.fr\/blog\/wp-content\/uploads\/2009\/06\/dscf2109.jpg\" alt=\"La cl\u00e2\u00e2\u00e2sse, non ? Cliquer pour voir la vid\u00e9o. \" width=\"300\" height=\"400\" srcset=\"http:\/\/elsa-fachinetti.fr\/blog\/wp-content\/uploads\/2009\/06\/dscf2109.jpg 300w, http:\/\/elsa-fachinetti.fr\/blog\/wp-content\/uploads\/2009\/06\/dscf2109-225x300.jpg 225w\" sizes=\"(max-width: 300px) 100vw, 300px\" \/><\/a><figcaption id=\"caption-attachment-1209\" class=\"wp-caption-text\">La cl\u00e2\u00e2\u00e2sse, non ? (Cliquer pour voir la vid\u00e9o) <\/figcaption><\/figure>\n<p><img decoding=\"async\" loading=\"lazy\" class=\"aligncenter size-full wp-image-1211\" title=\"annecy\" src=\"http:\/\/elsa-fachinetti.fr\/blog\/wp-content\/uploads\/2009\/06\/dscf2065.jpg\" alt=\"annecy\" width=\"400\" height=\"300\" srcset=\"http:\/\/elsa-fachinetti.fr\/blog\/wp-content\/uploads\/2009\/06\/dscf2065.jpg 400w, http:\/\/elsa-fachinetti.fr\/blog\/wp-content\/uploads\/2009\/06\/dscf2065-300x225.jpg 300w\" sizes=\"(max-width: 400px) 100vw, 400px\" \/><\/p>\n<p>Et voil\u00e0, apr\u00e8s un petit tour par le Quick de la place, c&rsquo;est d\u00e9j\u00e0 l&rsquo;heure de rentrer ! C&rsquo;est parti pour plusieurs heures de voiture avec moi, puis Pauline au volant&#8230; Note pour la prochaine fois : \u00e9viter de se baser uniquement sur le plan de mappy.fr, qui nous a l\u00e9g\u00e8rement perdu. <strong>Merci \u00e0 Brice qui s&rsquo;est (enfin :p) rendu utile en posant cette question int\u00e9ressante : \u00ab\u00a0Pourquoi vous ne vous servez pas de la carte routi\u00e8re ?\u00a0\u00bb<\/strong>. Effectivement, c&rsquo;\u00e9tait une bonne id\u00e9e qui ne nous avait pas effleur\u00e9s jusque l\u00e0.<br \/>\nAu milieu de nulle part, \u00e0 quelques dizaines de kilom\u00e8tres de Lons-le-Saunier, nous avons la surprise de tomber sur un lac magnifique que nous ne connaissions absolument pas. <strong>Totalement sous le charme, nous nous arr\u00eatons pour admirer le paysage. Nous apprenons qu&rsquo;il s&rsquo;agit du lac de Vouglans.<\/strong><\/p>\n<figure id=\"attachment_1212\" aria-describedby=\"caption-attachment-1212\" style=\"width: 400px\" class=\"wp-caption aligncenter\"><a href=\"http:\/\/www.dailymotion.com\/user\/mandarine025\/video\/x9nisc_le-lac-de-vouglans_travel\"><img decoding=\"async\" loading=\"lazy\" class=\"size-full wp-image-1212\" title=\"lac de vouglans\" src=\"http:\/\/elsa-fachinetti.fr\/blog\/wp-content\/uploads\/2009\/06\/dscf2140.jpg\" alt=\"(Cliquer pour voir la vid\u00e9o)\" width=\"400\" height=\"300\" srcset=\"http:\/\/elsa-fachinetti.fr\/blog\/wp-content\/uploads\/2009\/06\/dscf2140.jpg 400w, http:\/\/elsa-fachinetti.fr\/blog\/wp-content\/uploads\/2009\/06\/dscf2140-300x225.jpg 300w\" sizes=\"(max-width: 400px) 100vw, 400px\" \/><\/a><figcaption id=\"caption-attachment-1212\" class=\"wp-caption-text\">(Cliquer pour voir la vid\u00e9o)<\/figcaption><\/figure>\n<p>Nous arriverons deux heures plus tard.. C&rsquo;\u00e9tait un chouette week end, <strong>merci \u00e0 vous 3 et \u00e0 nos super commanditaires<\/strong> car, rappelons-le, ce sont eux qui nous ont pay\u00e9 ce voyage.<\/p>\n<p style=\"text-align: center;\">__________________________________________<\/p>\n<p style=\"text-align: center;\"><a href=\"http:\/\/picasaweb.google.fr\/simon.vieille\/Savoie#\" target=\"_blank\">Les photos sont ici<\/a>, <a href=\"http:\/\/picasaweb.google.fr\/simon.vieille\/Savoie2#\" target=\"_blank\">l\u00e0 <\/a>et <a href=\"http:\/\/picasaweb.google.fr\/simon.vieille\/Savoie3#\" target=\"_blank\">l\u00e0<\/a>, et <a href=\"http:\/\/www.dailymotion.com\/playlist\/xzqj6_mandarine025_savoie\" target=\"_blank\">toutes les vid\u00e9os sont ici<\/a> !<\/p>\n","protected":false},"excerpt":{"rendered":"Voil\u00e0 un week end bien sympatique ! Apr\u00e8s notre soutenance pr\u00e9sentant le site cr\u00e9\u00e9 pour le r\u00e9seau associatif r\u00e9seau Madagascar des Savoie, Simon, \n<a class=\"moretag\" href=\"http:\/\/elsa-fachinetti.fr\/blog\/de-retour-de-chambery\/\"> [...]<\/a>","protected":false},"author":1,"featured_media":0,"comment_status":"open","ping_status":"open","sticky":false,"template":"","format":"standard","meta":{"footnotes":"","_links_to":"","_links_to_target":""},"categories":[463],"tags":[6,132,167,294],"aioseo_notices":[],"_links":{"self":[{"href":"http:\/\/elsa-fachinetti.fr\/blog\/wp-json\/wp\/v2\/posts\/1177"}],"collection":[{"href":"http:\/\/elsa-fachinetti.fr\/blog\/wp-json\/wp\/v2\/posts"}],"about":[{"href":"http:\/\/elsa-fachinetti.fr\/blog\/wp-json\/wp\/v2\/types\/post"}],"author":[{"embeddable":true,"href":"http:\/\/elsa-fachinetti.fr\/blog\/wp-json\/wp\/v2\/users\/1"}],"replies":[{"embeddable":true,"href":"http:\/\/elsa-fachinetti.fr\/blog\/wp-json\/wp\/v2\/comments?post=1177"}],"version-history":[{"count":0,"href":"http:\/\/elsa-fachinetti.fr\/blog\/wp-json\/wp\/v2\/posts\/1177\/revisions"}],"wp:attachment":[{"href":"http:\/\/elsa-fachinetti.fr\/blog\/wp-json\/wp\/v2\/media?parent=1177"}],"wp:term":[{"taxonomy":"category","embeddable":true,"href":"http:\/\/elsa-fachinetti.fr\/blog\/wp-json\/wp\/v2\/categories?post=1177"},{"taxonomy":"post_tag","embeddable":true,"href":"http:\/\/elsa-fachinetti.fr\/blog\/wp-json\/wp\/v2\/tags?post=1177"}],"curies":[{"name":"wp","href":"https:\/\/api.w.org\/{rel}","templated":true}]}}